{"id":10170,"date":"2020-07-25T20:27:01","date_gmt":"2020-07-25T20:27:01","guid":{"rendered":"https:\/\/groupeastronomiespa.be\/astrogas\/comete-et-aroles\/"},"modified":"2025-06-08T22:44:52","modified_gmt":"2025-06-08T20:44:52","slug":"comete-et-aroles","status":"publish","type":"post","link":"https:\/\/groupeastronomiespa.be\/astrogas\/comete-et-aroles\/","title":{"rendered":"Com\u00e8te et aroles"},"content":{"rendered":"<p>Juillet 2020 \u2013 Chandolin (Valais Suisse)<\/p>\n<p>Apr\u00e8s une semaine pass\u00e9e dans le Quercy, Chantal et moi avons rejoint l\u2019appartement de famille dans les alpes suisses \u00e0 Chandolin.<\/p>\n<p>Au cours de deux belles nuits, j\u2019ai pu tester le site du \u00ab parking de la for\u00eat \u00bb situ\u00e9 entre le village de Saint-Luc et celui de Chandolin \u00e0 environ 1950 m\u00e8tres d\u2019altitude. J\u2019y ai mesur\u00e9 la noirceur du ciel et ai obtenu un SQM oscillant entre 21,3 et 21,4.<\/p>\n<p>Un des animateurs de l\u2019observatoire de Saint-Luc m\u2019a dit que c\u2019\u00e9tait la valeur qu\u2019il mesurait aussi lorsqu\u2019il y avait un peu d\u2019humidit\u00e9 dans l\u2019air mais que, les meilleures nuits, cela pouvait monter aux alentours de 21,7. Ce n\u2019est quand m\u00eame pas si mal si je me souviens qu\u2019en Belgique, le meilleur score que nous ayons obtenu, avec Alexandre, \u00e9tait de 20,85 (pr\u00e8s du signal de Botrange) ; que, dans la caldeira de Tenerife, j\u2019avais obtenu 21,6 et que dans le haut atlas marocain (observatoire d\u2019Ouikameiden nous avions mesur\u00e9 21,7 en novembre 2018).<\/p>\n<p>Le parking est suffisamment large et bien orient\u00e9 pour les observations. On dispose d\u2019une grande ouverture vers le Sud-Est et le Nord-Ouest. Dans les autres directions, l\u2019horizon est plus ou moins masqu\u00e9 par les sapins ou les montagnes mais on dispose toujours d\u2019au moins 45\u00b0 de ciel d\u00e9gag\u00e9.<\/p>\n<p>Les conif\u00e8res de cette for\u00eat sont principalement des m\u00e9l\u00e8zes et des pins des alpes \u00e9galement appel\u00e9s \u00ab Aroles \u00bb.<\/p>\n<p>Il y a plus de quarante ans que je fr\u00e9quente cette r\u00e9gion. Je n\u2019y avais jamais crois\u00e9 le moindre moustique et pensais que ces nuisibles ne pouvaient vivre en altitude. Depuis environ trois ans, j\u2019ai bien d\u00fb constater que c\u2019\u00e9tait faux. Les moustiques ont envahi cette r\u00e9gion et plus particuli\u00e8rement cette clairi\u00e8re qui en est infest\u00e9e d\u00e8s la tomb\u00e9e de la nuit. En plus, ces \u00ab sales b\u00eates \u00bb sont arriv\u00e9es \u00e0 me piquer au travers des sous-v\u00eatement minces qui couvraient mes bras.<br \/>\nLes deux nuits, j\u2019ai mont\u00e9 le mat\u00e9riel vers 21 heures puis ai attendu que la nuit tombe, r\u00e9fugi\u00e9 dans la voiture pour \u00e9viter les \u00bb horripilants suceurs de sang \u00bb.<\/p>\n<p>Deux photos d&rsquo;ambiance &#8230;<\/p>\n<p><a href=\"https:\/\/groupeastronomiespa.be\/astrogas\/wp-content\/uploads\/2025\/06\/37_20200725-telescope_2_photo.jpg\" data-lbwps-width=\"500\" data-lbwps-height=\"375\" data-lbwps-srcsmall=\"https:\/\/groupeastronomiespa.be\/astrogas\/wp-content\/uploads\/2025\/06\/37_20200725-telescope_2_photo-300x225.jpg\"><img loading=\"lazy\" decoding=\"async\" class=\"size-medium\" src=\"https:\/\/groupeastronomiespa.be\/astrogas\/wp-content\/uploads\/2025\/06\/37_20200725-telescope_2_photo-300x225.jpg\" alt=\"\" width=\"300\" height=\"225\" \/><\/a><a href=\"https:\/\/groupeastronomiespa.be\/astrogas\/wp-content\/uploads\/2025\/06\/37_20200725-telescope_1_mini.jpg\" data-lbwps-width=\"500\" data-lbwps-height=\"375\" data-lbwps-srcsmall=\"https:\/\/groupeastronomiespa.be\/astrogas\/wp-content\/uploads\/2025\/06\/37_20200725-telescope_1_mini-300x225.jpg\"><img loading=\"lazy\" decoding=\"async\" class=\"size-medium\" src=\"https:\/\/groupeastronomiespa.be\/astrogas\/wp-content\/uploads\/2025\/06\/37_20200725-telescope_1_mini-300x225.jpg\" alt=\"\" width=\"300\" height=\"225\" \/><\/a><\/p>\n<p><strong>Com\u00e8te Neowyse C\/2020 F3<\/strong><\/p>\n<p>Je ne pensais pas voir la com\u00e8te depuis ce parking mais l\u2019ouverture vers le Nord-Ouest permettait de bien l\u2019observer comme en t\u00e9moigne cette photo (m\u00e9diocre) prise avec mon smartphone. On y voit la grande ourse (bien que l\u2019\u00e9toile du bout de la casserole soit masqu\u00e9e par un petit nuage) et, un peu \u00e0 droite, entre celle-ci et le sommet des sapins notre com\u00e8te semblant vouloir plonger vers le bas.  <\/p>\n<p><a href=\"https:\/\/groupeastronomiespa.be\/astrogas\/wp-content\/uploads\/2025\/06\/37_20200725-comete_photo_mini.jpg\" data-lbwps-width=\"281\" data-lbwps-height=\"500\" data-lbwps-srcsmall=\"https:\/\/groupeastronomiespa.be\/astrogas\/wp-content\/uploads\/2025\/06\/37_20200725-comete_photo_mini-169x300.jpg\"><img loading=\"lazy\" decoding=\"async\" class=\"size-medium\" src=\"https:\/\/groupeastronomiespa.be\/astrogas\/wp-content\/uploads\/2025\/06\/37_20200725-comete_photo_mini-169x300.jpg\" alt=\"\" width=\"169\" height=\"300\" \/><\/a><\/p>\n<p>Avec les 400 millim\u00e8tres du t\u00e9lescope, l\u2019image \u00e9tait somptueuse montrant un noyau \u00e9clatant entour\u00e9 d\u2019un halo verd\u00e2tre et d\u2019une queue lumineuse \u00e0 souhait sortant largement du champ (d\u2019un degr\u00e9) de mon plus faible grossissement.<\/p>\n<p><a href=\"https:\/\/groupeastronomiespa.be\/astrogas\/wp-content\/uploads\/2025\/06\/37_20200725-20200725_100333-mini.jpg\" data-lbwps-width=\"500\" data-lbwps-height=\"385\" data-lbwps-srcsmall=\"https:\/\/groupeastronomiespa.be\/astrogas\/wp-content\/uploads\/2025\/06\/37_20200725-20200725_100333-mini-300x231.jpg\"><img loading=\"lazy\" decoding=\"async\" class=\"size-medium\" src=\"https:\/\/groupeastronomiespa.be\/astrogas\/wp-content\/uploads\/2025\/06\/37_20200725-20200725_100333-mini-300x231.jpg\" alt=\"\" width=\"300\" height=\"231\" \/><\/a><\/p>\n<p>J\u2019ai fait plusieurs tentatives pour photographier la com\u00e8te en afocale avec le smartphone mais n\u2019ai obtenu qu\u2019une tra\u00een\u00e9e laiteuse verd\u00e2tre.<\/p>\n<p><strong>Station spatiale internationale<\/strong><\/p>\n<p>A plusieurs reprises, l\u2019ISS a travers\u00e9 la vo\u00fbte c\u00e9leste. J\u2019avais activ\u00e9 les notifications de passage sur l\u2019application \u00ab Skysafari \u00bb de mon smartphone et, pr\u00e9venu de l\u2019imminence de ses passages, j\u2019ai essay\u00e9 une fois de la suivre au t\u00e9lescope.<\/p>\n<p>Malheureusement, elle \u00e9tait rapide et trop lumineuse, si j\u2019ai bien per\u00e7u qu\u2019elle n\u2019\u00e9tait pas ponctuelle, je ne suis pas arriv\u00e9 \u00e0 distinguer le corps ou les panneaux solaires du vaisseau.<\/p>\n<p><strong>NGC 6781<\/strong><\/p>\n<p>Dans la constellation de l\u2019aigle, se trouve une belle n\u00e9buleuse plan\u00e9taire qui, malgr\u00e9 sa taille et sa belle forme annulaire n\u2019a, \u00e0 ma connaissance, pas de surnom.<\/p>\n<p>Une n\u00e9buleuse plan\u00e9taire, c\u2019est une \u00e9toile en fin de vie qui \u00e9jecte son gaz dans des couronnes plus ou moins complexes. On y trouve donc une \u00e9toile centrale (visible si elle est encore suffisamment lumineuse) et une couronne souvent bien mise en \u00e9vidence avec un filtre interf\u00e9rentiel (UHC ou OIII qui laisse passer la couleur de l\u2019oxyg\u00e8ne ionis\u00e9 ainsi que, pour les UHC, celle de l\u2019hydrog\u00e8ne ionis\u00e9).<\/p>\n<p>La plupart des n\u00e9buleuses plan\u00e9taires sont tr\u00e8s petites, d\u2019aspect quasi stellaire. Ce n\u2019est pas le cas de NGC 6781 dont la taille fait environ 1 minute d\u2019arc.<\/p>\n<p>L\u2019\u00e9toile centrale de NGC 6781 n\u2019est pas observable avec mon t\u00e9lescope mais l\u2019anneau, rouge sur les photos, est bien visible avec, en scrutant longtemps l\u2019objet, une partie un peu plus lumineuse apparaissant sur \u00be de son p\u00e9rim\u00e8tre.<\/p>\n<p>Voici, en haut une photo Wikipedia et, en bas, le dessin que j\u2019en ai fait avec un filtre OIII puis UHC.<br \/>\n<a href=\"https:\/\/groupeastronomiespa.be\/astrogas\/wp-content\/uploads\/2025\/06\/37_20200725-ngc6781-photo.jpg\" data-lbwps-width=\"500\" data-lbwps-height=\"500\" data-lbwps-srcsmall=\"https:\/\/groupeastronomiespa.be\/astrogas\/wp-content\/uploads\/2025\/06\/37_20200725-ngc6781-photo-300x300.jpg\"><img loading=\"lazy\" decoding=\"async\" class=\"size-medium\" src=\"https:\/\/groupeastronomiespa.be\/astrogas\/wp-content\/uploads\/2025\/06\/37_20200725-ngc6781-photo-300x300.jpg\" alt=\"\" width=\"300\" height=\"300\" \/><\/a><a href=\"https:\/\/groupeastronomiespa.be\/astrogas\/wp-content\/uploads\/2025\/06\/37_20200725-ngc6781-mini.jpg\" data-lbwps-width=\"500\" data-lbwps-height=\"405\" data-lbwps-srcsmall=\"https:\/\/groupeastronomiespa.be\/astrogas\/wp-content\/uploads\/2025\/06\/37_20200725-ngc6781-mini-300x243.jpg\"><img loading=\"lazy\" decoding=\"async\" class=\"size-medium\" src=\"https:\/\/groupeastronomiespa.be\/astrogas\/wp-content\/uploads\/2025\/06\/37_20200725-ngc6781-mini-300x243.jpg\" alt=\"\" width=\"300\" height=\"243\" \/><\/a><\/p>\n<p><strong>NGC 6572<\/strong><\/p>\n<p>Tant qu\u2019on est dans les n\u00e9buleuses plan\u00e9taires, j\u2019ai \u00e9galement observ\u00e9 NGC 6572, situ\u00e9e dans le serpentaire et dont la couleur vive lui a valu le surnom de \u00ab l\u2019\u00e9meraude \u00bb.<\/p>\n<p>Cette n\u00e9buleuse est tr\u00e8s petite mais sa couleur bleu vif (et non vert \u00e9meraude \u00e0 mes yeux) permet de la rep\u00e9rer assez facilement. Il faut cependant grossir consid\u00e9rablement (400 x) pour d\u00e9celer qu\u2019elle est un peu allong\u00e9e avec un centre l\u00e9g\u00e8rement plus lumineux et 2 bras en forme de \u00ab S \u00bb \u00e9voquant un peu la forme d\u2019une galaxie spirale barr\u00e9e.<\/p>\n<p>Ci-dessous, une photo prise par le t\u00e9lescope Hubble et le dessin que j\u2019ai fait.<\/p>\n<p><a href=\"https:\/\/groupeastronomiespa.be\/astrogas\/wp-content\/uploads\/2025\/06\/37_20200725-ngc6572-photo.jpg\" data-lbwps-width=\"500\" data-lbwps-height=\"500\" data-lbwps-srcsmall=\"https:\/\/groupeastronomiespa.be\/astrogas\/wp-content\/uploads\/2025\/06\/37_20200725-ngc6572-photo-300x300.jpg\"><img loading=\"lazy\" decoding=\"async\" class=\"size-medium\" src=\"https:\/\/groupeastronomiespa.be\/astrogas\/wp-content\/uploads\/2025\/06\/37_20200725-ngc6572-photo-300x300.jpg\" alt=\"\" width=\"300\" height=\"300\" \/><\/a><a href=\"https:\/\/groupeastronomiespa.be\/astrogas\/wp-content\/uploads\/2025\/06\/37_20200725-NGC6572-mini.jpg\" data-lbwps-width=\"500\" data-lbwps-height=\"379\" data-lbwps-srcsmall=\"https:\/\/groupeastronomiespa.be\/astrogas\/wp-content\/uploads\/2025\/06\/37_20200725-NGC6572-mini-300x227.jpg\"><img loading=\"lazy\" decoding=\"async\" class=\"size-medium\" src=\"https:\/\/groupeastronomiespa.be\/astrogas\/wp-content\/uploads\/2025\/06\/37_20200725-NGC6572-mini-300x227.jpg\" alt=\"\" width=\"300\" height=\"227\" \/><\/a><\/p>\n<p><strong>NGC 7009<\/strong><\/p>\n<p>Pour terminer avec les n\u00e9buleuses plan\u00e9taires observ\u00e9es ces deux soir\u00e9es, voici NGC 7009 surnomm\u00e9e \u00ab n\u00e9buleuse Saturne \u00bb en raison de son aspect rappelant vaguement la plan\u00e8te aux anneaux \u00e0 tr\u00e8s fort grossissement.<\/p>\n<p>Situ\u00e9e dans la constellation du poisson, elle n\u2019est pas tr\u00e8s grande, environ \u00bd minute d\u2019arc et il faut grossir fort pour en percevoir quelques d\u00e9tails en visuel. D\u2019aspect un peu bleut\u00e9e, elle comporte un anneau ovale l\u00e9g\u00e8rement plus lumineux que le reste. Personnellement, je n\u2019ai vu ni l\u2019\u00e9toile centrale, ni les extensions lat\u00e9rales en forme de petits jets partant aux extr\u00e9mit\u00e9s de l\u2019anneau central.<\/p>\n<p>Voici une photo prise par le t\u00e9lescope Hubble et, en dessous, mon dessin.<br \/>\n<a href=\"https:\/\/groupeastronomiespa.be\/astrogas\/wp-content\/uploads\/2025\/06\/37_20200725-NGC7009-photo.jpg\" data-lbwps-width=\"500\" data-lbwps-height=\"507\" data-lbwps-srcsmall=\"https:\/\/groupeastronomiespa.be\/astrogas\/wp-content\/uploads\/2025\/06\/37_20200725-NGC7009-photo-296x300.jpg\"><img loading=\"lazy\" decoding=\"async\" class=\"size-medium\" src=\"https:\/\/groupeastronomiespa.be\/astrogas\/wp-content\/uploads\/2025\/06\/37_20200725-NGC7009-photo-296x300.jpg\" alt=\"\" width=\"296\" height=\"300\" \/><\/a><a href=\"https:\/\/groupeastronomiespa.be\/astrogas\/wp-content\/uploads\/2025\/06\/37_20200725-NGC7009-mini.jpg\" data-lbwps-width=\"500\" data-lbwps-height=\"367\" data-lbwps-srcsmall=\"https:\/\/groupeastronomiespa.be\/astrogas\/wp-content\/uploads\/2025\/06\/37_20200725-NGC7009-mini-300x220.jpg\"><img loading=\"lazy\" decoding=\"async\" class=\"size-medium\" src=\"https:\/\/groupeastronomiespa.be\/astrogas\/wp-content\/uploads\/2025\/06\/37_20200725-NGC7009-mini-300x220.jpg\" alt=\"\" width=\"300\" height=\"220\" \/><\/a><\/p>\n<p><strong>NGC 4485<\/strong><\/p>\n<p>Passons maintenant \u00e0 deux galaxies que j\u2019ai essay\u00e9 de d\u00e9tailler au cours de ces deux nuits.<\/p>\n<p>La premi\u00e8re est un couple de galaxies en interaction que les anglo-saxons surnomment \u00ab cocoon galaxy \u00bb.<\/p>\n<p>La plus grosse des deux est une galaxie irr\u00e9guli\u00e8re plus ou moins vue de profil et une de ses extr\u00e9mit\u00e9s est l\u00e9g\u00e8rement d\u00e9form\u00e9e par l\u2019attraction gravitationnelle exerc\u00e9e par la plus petite.<\/p>\n<p>Le couple est situ\u00e9 dans la constellation du chien de chasse et, visuellement, seules les parties les plus lumineuses sont perceptibles.<br \/>\nA nouveau, une photo glan\u00e9e sur le net et mon dessin.<\/p>\n<p><a href=\"https:\/\/groupeastronomiespa.be\/astrogas\/wp-content\/uploads\/2025\/06\/37_20200725-ngc4485-photo.jpg\" data-lbwps-width=\"500\" data-lbwps-height=\"281\" data-lbwps-srcsmall=\"https:\/\/groupeastronomiespa.be\/astrogas\/wp-content\/uploads\/2025\/06\/37_20200725-ngc4485-photo-300x169.jpg\"><img loading=\"lazy\" decoding=\"async\" class=\"size-medium\" src=\"https:\/\/groupeastronomiespa.be\/astrogas\/wp-content\/uploads\/2025\/06\/37_20200725-ngc4485-photo-300x169.jpg\" alt=\"\" width=\"300\" height=\"169\" \/><\/a><a href=\"https:\/\/groupeastronomiespa.be\/astrogas\/wp-content\/uploads\/2025\/06\/37_20200725-ngc4485-mini.jpg\" data-lbwps-width=\"500\" data-lbwps-height=\"337\" data-lbwps-srcsmall=\"https:\/\/groupeastronomiespa.be\/astrogas\/wp-content\/uploads\/2025\/06\/37_20200725-ngc4485-mini-300x202.jpg\"><img loading=\"lazy\" decoding=\"async\" class=\"size-medium\" src=\"https:\/\/groupeastronomiespa.be\/astrogas\/wp-content\/uploads\/2025\/06\/37_20200725-ngc4485-mini-300x202.jpg\" alt=\"\" width=\"300\" height=\"202\" \/><\/a><\/p>\n<p><strong>NGC 4565<\/strong><\/p>\n<p>Enfin, pour terminer, une galaxie tr\u00e8s \u00e9l\u00e9gante. Elle se situe dans la constellation portant le nom po\u00e9tique de \u00ab chevelure de B\u00e9r\u00e9nice \u00bb. Vue de profil, elle est tr\u00e8s fine ce qui lui vaut son surnom de \u00ab galaxie de l\u2019aiguille \u00bb.<\/p>\n<p>Elle est relativement lumineuse et tr\u00e8s large puisqu\u2019elle occupe pratiquement la moiti\u00e9 du champ d\u2019un oculaire donnant 0,5 degr\u00e9s. En r\u00e9alit\u00e9 elle mesure environ 192.000 ann\u00e9es lumi\u00e8res (soit \u00e0 peu pr\u00e8s le double de la taille de notre voie lact\u00e9e) et se situe \u00e0 une quarantaine de millions d\u2019ann\u00e9es lumi\u00e8res de nous.<\/p>\n<p><a href=\"https:\/\/groupeastronomiespa.be\/astrogas\/wp-content\/uploads\/2025\/06\/37_20200725-ngc4565-photo.jpg\" data-lbwps-width=\"500\" data-lbwps-height=\"472\" data-lbwps-srcsmall=\"https:\/\/groupeastronomiespa.be\/astrogas\/wp-content\/uploads\/2025\/06\/37_20200725-ngc4565-photo-300x283.jpg\"><img loading=\"lazy\" decoding=\"async\" class=\"size-medium\" src=\"https:\/\/groupeastronomiespa.be\/astrogas\/wp-content\/uploads\/2025\/06\/37_20200725-ngc4565-photo-300x283.jpg\" alt=\"\" width=\"300\" height=\"283\" \/><\/a><a href=\"https:\/\/groupeastronomiespa.be\/astrogas\/wp-content\/uploads\/2025\/06\/37_20200725-NGC4565-mini.jpg\" data-lbwps-width=\"500\" data-lbwps-height=\"356\" data-lbwps-srcsmall=\"https:\/\/groupeastronomiespa.be\/astrogas\/wp-content\/uploads\/2025\/06\/37_20200725-NGC4565-mini-300x214.jpg\"><img loading=\"lazy\" decoding=\"async\" class=\"size-medium\" src=\"https:\/\/groupeastronomiespa.be\/astrogas\/wp-content\/uploads\/2025\/06\/37_20200725-NGC4565-mini-300x214.jpg\" alt=\"\" width=\"300\" height=\"214\" \/><\/a><\/p>\n<p>Yves Piette<\/p>\n\n\n<div class=\"kk-star-ratings kksr-auto kksr-align-left kksr-valign-bottom\"\n    data-payload='{&quot;align&quot;:&quot;left&quot;,&quot;id&quot;:&quot;10170&quot;,&quot;slug&quot;:&quot;default&quot;,&quot;valign&quot;:&quot;bottom&quot;,&quot;ignore&quot;:&quot;&quot;,&quot;reference&quot;:&quot;auto&quot;,&quot;class&quot;:&quot;&quot;,&quot;count&quot;:&quot;1&quot;,&quot;legendonly&quot;:&quot;&quot;,&quot;readonly&quot;:&quot;&quot;,&quot;score&quot;:&quot;10&quot;,&quot;starsonly&quot;:&quot;&quot;,&quot;best&quot;:&quot;10&quot;,&quot;gap&quot;:&quot;5&quot;,&quot;greet&quot;:&quot;Veuillez voter&quot;,&quot;legend&quot;:&quot;10\\\/10 - (1 vote)&quot;,&quot;size&quot;:&quot;18&quot;,&quot;title&quot;:&quot;Com\u00e8te et aroles&quot;,&quot;width&quot;:&quot;227.5&quot;,&quot;_legend&quot;:&quot;{score}\\\/{best} - ({count} {votes})&quot;,&quot;font_factor&quot;:&quot;1.25&quot;}'>\n            \n<div class=\"kksr-stars\">\n    \n<div class=\"kksr-stars-inactive\">\n            <div class=\"kksr-star\" data-star=\"1\" style=\"padding-right: 5px\">\n            \n\n<div class=\"kksr-icon\" style=\"width: 18px; height: 18px;\"><\/div>\n        <\/div>\n            <div class=\"kksr-star\" data-star=\"2\" style=\"padding-right: 5px\">\n            \n\n<div class=\"kksr-icon\" style=\"width: 18px; height: 18px;\"><\/div>\n        <\/div>\n            <div class=\"kksr-star\" data-star=\"3\" style=\"padding-right: 5px\">\n            \n\n<div class=\"kksr-icon\" style=\"width: 18px; height: 18px;\"><\/div>\n        <\/div>\n            <div class=\"kksr-star\" data-star=\"4\" style=\"padding-right: 5px\">\n            \n\n<div class=\"kksr-icon\" style=\"width: 18px; height: 18px;\"><\/div>\n        <\/div>\n            <div class=\"kksr-star\" data-star=\"5\" style=\"padding-right: 5px\">\n            \n\n<div class=\"kksr-icon\" style=\"width: 18px; height: 18px;\"><\/div>\n        <\/div>\n            <div class=\"kksr-star\" data-star=\"6\" style=\"padding-right: 5px\">\n            \n\n<div class=\"kksr-icon\" style=\"width: 18px; height: 18px;\"><\/div>\n        <\/div>\n            <div class=\"kksr-star\" data-star=\"7\" style=\"padding-right: 5px\">\n            \n\n<div class=\"kksr-icon\" style=\"width: 18px; height: 18px;\"><\/div>\n        <\/div>\n            <div class=\"kksr-star\" data-star=\"8\" style=\"padding-right: 5px\">\n            \n\n<div class=\"kksr-icon\" style=\"width: 18px; height: 18px;\"><\/div>\n        <\/div>\n            <div class=\"kksr-star\" data-star=\"9\" style=\"padding-right: 5px\">\n            \n\n<div class=\"kksr-icon\" style=\"width: 18px; height: 18px;\"><\/div>\n        <\/div>\n            <div class=\"kksr-star\" data-star=\"10\" style=\"padding-right: 5px\">\n            \n\n<div class=\"kksr-icon\" style=\"width: 18px; height: 18px;\"><\/div>\n        <\/div>\n    <\/div>\n    \n<div class=\"kksr-stars-active\" style=\"width: 227.5px;\">\n            <div class=\"kksr-star\" style=\"padding-right: 5px\">\n            \n\n<div class=\"kksr-icon\" style=\"width: 18px; height: 18px;\"><\/div>\n        <\/div>\n            <div class=\"kksr-star\" style=\"padding-right: 5px\">\n            \n\n<div class=\"kksr-icon\" style=\"width: 18px; height: 18px;\"><\/div>\n        <\/div>\n            <div class=\"kksr-star\" style=\"padding-right: 5px\">\n            \n\n<div class=\"kksr-icon\" style=\"width: 18px; height: 18px;\"><\/div>\n        <\/div>\n            <div class=\"kksr-star\" style=\"padding-right: 5px\">\n            \n\n<div class=\"kksr-icon\" style=\"width: 18px; height: 18px;\"><\/div>\n        <\/div>\n            <div class=\"kksr-star\" style=\"padding-right: 5px\">\n            \n\n<div class=\"kksr-icon\" style=\"width: 18px; height: 18px;\"><\/div>\n        <\/div>\n            <div class=\"kksr-star\" style=\"padding-right: 5px\">\n            \n\n<div class=\"kksr-icon\" style=\"width: 18px; height: 18px;\"><\/div>\n        <\/div>\n            <div class=\"kksr-star\" style=\"padding-right: 5px\">\n            \n\n<div class=\"kksr-icon\" style=\"width: 18px; height: 18px;\"><\/div>\n        <\/div>\n            <div class=\"kksr-star\" style=\"padding-right: 5px\">\n            \n\n<div class=\"kksr-icon\" style=\"width: 18px; height: 18px;\"><\/div>\n        <\/div>\n            <div class=\"kksr-star\" style=\"padding-right: 5px\">\n            \n\n<div class=\"kksr-icon\" style=\"width: 18px; height: 18px;\"><\/div>\n        <\/div>\n            <div class=\"kksr-star\" style=\"padding-right: 5px\">\n            \n\n<div class=\"kksr-icon\" style=\"width: 18px; height: 18px;\"><\/div>\n        <\/div>\n    <\/div>\n<\/div>\n                \n\n<div class=\"kksr-legend\" style=\"font-size: 14.4px;\">\n            10\/10 - (1 vote)    <\/div>\n    <\/div>\n","protected":false},"excerpt":{"rendered":"<p>Juillet 2020 \u2013 Chandolin (Valais Suisse) Apr\u00e8s une semaine pass\u00e9e dans le Quercy, Chantal et moi avons rejoint l\u2019appartement de famille dans les alpes suisses \u00e0 Chandolin. Au cours de deux belles nuits, j\u2019ai pu tester le site du \u00ab parking de la for\u00eat \u00bb situ\u00e9 entre le village de Saint-Luc et celui de Chandolin [&hellip;]<\/p>\n","protected":false},"author":8,"featured_media":0,"comment_status":"open","ping_status":"closed","sticky":false,"template":"","format":"standard","meta":{"_et_pb_use_builder":"","_et_pb_old_content":"","_et_gb_content_width":"","footnotes":""},"categories":[5],"tags":[],"class_list":["post-10170","post","type-post","status-publish","format-standard","hentry","category-vieduclub"],"_links":{"self":[{"href":"https:\/\/groupeastronomiespa.be\/astrogas\/wp-json\/wp\/v2\/posts\/10170","targetHints":{"allow":["GET"]}}],"collection":[{"href":"https:\/\/groupeastronomiespa.be\/astrogas\/wp-json\/wp\/v2\/posts"}],"about":[{"href":"https:\/\/groupeastronomiespa.be\/astrogas\/wp-json\/wp\/v2\/types\/post"}],"author":[{"embeddable":true,"href":"https:\/\/groupeastronomiespa.be\/astrogas\/wp-json\/wp\/v2\/users\/8"}],"replies":[{"embeddable":true,"href":"https:\/\/groupeastronomiespa.be\/astrogas\/wp-json\/wp\/v2\/comments?post=10170"}],"version-history":[{"count":1,"href":"https:\/\/groupeastronomiespa.be\/astrogas\/wp-json\/wp\/v2\/posts\/10170\/revisions"}],"predecessor-version":[{"id":11512,"href":"https:\/\/groupeastronomiespa.be\/astrogas\/wp-json\/wp\/v2\/posts\/10170\/revisions\/11512"}],"wp:attachment":[{"href":"https:\/\/groupeastronomiespa.be\/astrogas\/wp-json\/wp\/v2\/media?parent=10170"}],"wp:term":[{"taxonomy":"category","embeddable":true,"href":"https:\/\/groupeastronomiespa.be\/astrogas\/wp-json\/wp\/v2\/categories?post=10170"},{"taxonomy":"post_tag","embeddable":true,"href":"https:\/\/groupeastronomiespa.be\/astrogas\/wp-json\/wp\/v2\/tags?post=10170"}],"curies":[{"name":"wp","href":"https:\/\/api.w.org\/{rel}","templated":true}]}}