{"id":7922,"date":"2005-02-02T01:37:48","date_gmt":"2005-02-02T01:37:48","guid":{"rendered":"https:\/\/groupeastronomiespa.be\/astrogas\/la-10eme-nuit-de-lobscurite\/"},"modified":"2025-07-03T18:43:55","modified_gmt":"2025-07-03T16:43:55","slug":"la-10eme-nuit-de-lobscurite","status":"publish","type":"post","link":"https:\/\/groupeastronomiespa.be\/astrogas\/la-10eme-nuit-de-lobscurite\/","title":{"rendered":"La 10\u00e8me nuit de l&rsquo;obscurit\u00e9 !"},"content":{"rendered":"<p>Le samedi 19 mars prochain, la 10\u00e8me nuit de l&rsquo;obscurit\u00e9 sera organis\u00e9e en r\u00e9gion flamande.<br \/>\nLors de la pr\u00e9c\u00e9dente \u00e9dition, en 2003, 164 communes flamandes (plus de la moiti\u00e9) avaient particip\u00e9 \u00e0 cette manifestion, en \u00e9teignant tout ou partie de l&rsquo;\u00e9clairage public ou des monuments; plus de 50 activit\u00e9s \u00e9taient organis\u00e9es, comme des ballades nocturnes, des observations astronomiques, &#8230;<\/p>\n<p>On en parle aussi dans l&rsquo;annonce du prochain symposium sur la protection du ciel nocturne, qui aura lieu \u00e0 Genk, fin avril 2005.<br \/>\nLors du symposium pr\u00e9c\u00e9dent (Paris 2004), un des responsables flamands de l&rsquo;op\u00e9ration \u00ab\u00a0Nuit de l&rsquo;obscurit\u00e9\u00a0\u00bb avait fait une pr\u00e9sentation.<\/p>\n<p>Je crois que ce serait bien si des telles activit\u00e9s pouvaient aussi \u00eatre organis\u00e9es en r\u00e9gion wallonne ce soir-l\u00e0.  Le but n&rsquo;est pas tellement d&rsquo;obtenir l&rsquo;extinction de toutes les lumi\u00e8res, mais de sensibiliser les gens au probl\u00e8me de la pollution lumineuse.  M\u00eame si on obtient la coupure de seulement quelques lampadaires ou de l&rsquo;\u00e9clairage d&rsquo;un seul monument, on a d\u00e9j\u00e0 gagn\u00e9 quelque chose.<br \/>\nA Li\u00e8ge, la Soci\u00e9t\u00e9 Astronomique de Li\u00e8ge organisera une soir\u00e9e d&rsquo;observation au Sart Tilman et l&rsquo;\u00e9clairage du campus sera coup\u00e9.<\/p>\n<p>De la publicit\u00e9 pour ces activit\u00e9s pourraient \u00eatre envisag\u00e9es via la r\u00e9gion wallonne (Monuments et Sites) et via la Promotion des Sciences (Printemps des Sciences).<\/p>\n<p>Pourriez-vous en parler autour de vous ? Si vous \u00eates d&rsquo;accord pour organiser une telle manifestation \u00e0 cette date, pourriez-vous me le faire savoir ?<br \/>\nLes activit\u00e9s astronomiques ne sont pas les seules concern\u00e9es : on peut imaginer par exemple une promenade le soir pour \u00e9couter les oiseaux nocturnes&#8230;<\/p>\n<p>Cordialement,<\/p>\n<p>Philippe Demoulin<br \/>\n_____________________________________________________ <\/p>\n\n\n<div class=\"kk-star-ratings kksr-auto kksr-align-left kksr-valign-bottom\"\n    data-payload='{&quot;align&quot;:&quot;left&quot;,&quot;id&quot;:&quot;7922&quot;,&quot;slug&quot;:&quot;default&quot;,&quot;valign&quot;:&quot;bottom&quot;,&quot;ignore&quot;:&quot;&quot;,&quot;reference&quot;:&quot;auto&quot;,&quot;class&quot;:&quot;&quot;,&quot;count&quot;:&quot;0&quot;,&quot;legendonly&quot;:&quot;&quot;,&quot;readonly&quot;:&quot;&quot;,&quot;score&quot;:&quot;0&quot;,&quot;starsonly&quot;:&quot;&quot;,&quot;best&quot;:&quot;10&quot;,&quot;gap&quot;:&quot;5&quot;,&quot;greet&quot;:&quot;Veuillez voter&quot;,&quot;legend&quot;:&quot;0\\\/10 - (0 vote)&quot;,&quot;size&quot;:&quot;18&quot;,&quot;title&quot;:&quot;La 10\u00e8me nuit de l\\u0026#039;obscurit\u00e9 !&quot;,&quot;width&quot;:&quot;0&quot;,&quot;_legend&quot;:&quot;{score}\\\/{best} - ({count} {votes})&quot;,&quot;font_factor&quot;:&quot;1.25&quot;}'>\n            \n<div class=\"kksr-stars\">\n    \n<div class=\"kksr-stars-inactive\">\n            <div class=\"kksr-star\" data-star=\"1\" style=\"padding-right: 5px\">\n            \n\n<div class=\"kksr-icon\" style=\"width: 18px; height: 18px;\"><\/div>\n        <\/div>\n            <div class=\"kksr-star\" data-star=\"2\" style=\"padding-right: 5px\">\n            \n\n<div class=\"kksr-icon\" style=\"width: 18px; height: 18px;\"><\/div>\n        <\/div>\n            <div class=\"kksr-star\" data-star=\"3\" style=\"padding-right: 5px\">\n            \n\n<div class=\"kksr-icon\" style=\"width: 18px; height: 18px;\"><\/div>\n        <\/div>\n            <div class=\"kksr-star\" data-star=\"4\" style=\"padding-right: 5px\">\n            \n\n<div class=\"kksr-icon\" style=\"width: 18px; height: 18px;\"><\/div>\n        <\/div>\n            <div class=\"kksr-star\" data-star=\"5\" style=\"padding-right: 5px\">\n            \n\n<div class=\"kksr-icon\" style=\"width: 18px; height: 18px;\"><\/div>\n        <\/div>\n            <div class=\"kksr-star\" data-star=\"6\" style=\"padding-right: 5px\">\n            \n\n<div class=\"kksr-icon\" style=\"width: 18px; height: 18px;\"><\/div>\n        <\/div>\n            <div class=\"kksr-star\" data-star=\"7\" style=\"padding-right: 5px\">\n            \n\n<div class=\"kksr-icon\" style=\"width: 18px; height: 18px;\"><\/div>\n        <\/div>\n            <div class=\"kksr-star\" data-star=\"8\" style=\"padding-right: 5px\">\n            \n\n<div class=\"kksr-icon\" style=\"width: 18px; height: 18px;\"><\/div>\n        <\/div>\n            <div class=\"kksr-star\" data-star=\"9\" style=\"padding-right: 5px\">\n            \n\n<div class=\"kksr-icon\" style=\"width: 18px; height: 18px;\"><\/div>\n        <\/div>\n            <div class=\"kksr-star\" data-star=\"10\" style=\"padding-right: 5px\">\n            \n\n<div class=\"kksr-icon\" style=\"width: 18px; height: 18px;\"><\/div>\n        <\/div>\n    <\/div>\n    \n<div class=\"kksr-stars-active\" style=\"width: 0px;\">\n            <div class=\"kksr-star\" style=\"padding-right: 5px\">\n            \n\n<div class=\"kksr-icon\" style=\"width: 18px; height: 18px;\"><\/div>\n        <\/div>\n            <div class=\"kksr-star\" style=\"padding-right: 5px\">\n            \n\n<div class=\"kksr-icon\" style=\"width: 18px; height: 18px;\"><\/div>\n        <\/div>\n            <div class=\"kksr-star\" style=\"padding-right: 5px\">\n            \n\n<div class=\"kksr-icon\" style=\"width: 18px; height: 18px;\"><\/div>\n        <\/div>\n            <div class=\"kksr-star\" style=\"padding-right: 5px\">\n            \n\n<div class=\"kksr-icon\" style=\"width: 18px; height: 18px;\"><\/div>\n        <\/div>\n            <div class=\"kksr-star\" style=\"padding-right: 5px\">\n            \n\n<div class=\"kksr-icon\" style=\"width: 18px; height: 18px;\"><\/div>\n        <\/div>\n            <div class=\"kksr-star\" style=\"padding-right: 5px\">\n            \n\n<div class=\"kksr-icon\" style=\"width: 18px; height: 18px;\"><\/div>\n        <\/div>\n            <div class=\"kksr-star\" style=\"padding-right: 5px\">\n            \n\n<div class=\"kksr-icon\" style=\"width: 18px; height: 18px;\"><\/div>\n        <\/div>\n            <div class=\"kksr-star\" style=\"padding-right: 5px\">\n            \n\n<div class=\"kksr-icon\" style=\"width: 18px; height: 18px;\"><\/div>\n        <\/div>\n            <div class=\"kksr-star\" style=\"padding-right: 5px\">\n            \n\n<div class=\"kksr-icon\" style=\"width: 18px; height: 18px;\"><\/div>\n        <\/div>\n            <div class=\"kksr-star\" style=\"padding-right: 5px\">\n            \n\n<div class=\"kksr-icon\" style=\"width: 18px; height: 18px;\"><\/div>\n        <\/div>\n    <\/div>\n<\/div>\n                \n\n<div class=\"kksr-legend\" style=\"font-size: 14.4px;\">\n            <span class=\"kksr-muted\">Veuillez voter<\/span>\n    <\/div>\n    <\/div>\n","protected":false},"excerpt":{"rendered":"<p>Le samedi 19 mars prochain, la 10\u00e8me nuit de l&rsquo;obscurit\u00e9 sera organis\u00e9e en r\u00e9gion flamande. Lors de la pr\u00e9c\u00e9dente \u00e9dition, en 2003, 164 communes flamandes (plus de la moiti\u00e9) avaient particip\u00e9 \u00e0 cette manifestion, en \u00e9teignant tout ou partie de l&rsquo;\u00e9clairage public ou des monuments; plus de 50 activit\u00e9s \u00e9taient organis\u00e9es, comme des ballades nocturnes, [&hellip;]<\/p>\n","protected":false},"author":12,"featured_media":0,"comment_status":"open","ping_status":"closed","sticky":false,"template":"","format":"standard","meta":{"_et_pb_use_builder":"","_et_pb_old_content":"","_et_gb_content_width":"","footnotes":""},"categories":[5],"tags":[],"class_list":["post-7922","post","type-post","status-publish","format-standard","hentry","category-vieduclub"],"_links":{"self":[{"href":"https:\/\/groupeastronomiespa.be\/astrogas\/wp-json\/wp\/v2\/posts\/7922","targetHints":{"allow":["GET"]}}],"collection":[{"href":"https:\/\/groupeastronomiespa.be\/astrogas\/wp-json\/wp\/v2\/posts"}],"about":[{"href":"https:\/\/groupeastronomiespa.be\/astrogas\/wp-json\/wp\/v2\/types\/post"}],"author":[{"embeddable":true,"href":"https:\/\/groupeastronomiespa.be\/astrogas\/wp-json\/wp\/v2\/users\/12"}],"replies":[{"embeddable":true,"href":"https:\/\/groupeastronomiespa.be\/astrogas\/wp-json\/wp\/v2\/comments?post=7922"}],"version-history":[{"count":3,"href":"https:\/\/groupeastronomiespa.be\/astrogas\/wp-json\/wp\/v2\/posts\/7922\/revisions"}],"predecessor-version":[{"id":15915,"href":"https:\/\/groupeastronomiespa.be\/astrogas\/wp-json\/wp\/v2\/posts\/7922\/revisions\/15915"}],"wp:attachment":[{"href":"https:\/\/groupeastronomiespa.be\/astrogas\/wp-json\/wp\/v2\/media?parent=7922"}],"wp:term":[{"taxonomy":"category","embeddable":true,"href":"https:\/\/groupeastronomiespa.be\/astrogas\/wp-json\/wp\/v2\/categories?post=7922"},{"taxonomy":"post_tag","embeddable":true,"href":"https:\/\/groupeastronomiespa.be\/astrogas\/wp-json\/wp\/v2\/tags?post=7922"}],"curies":[{"name":"wp","href":"https:\/\/api.w.org\/{rel}","templated":true}]}}