{"id":8459,"date":"2007-07-24T17:20:11","date_gmt":"2007-07-24T17:20:11","guid":{"rendered":"https:\/\/groupeastronomiespa.be\/astrogas\/la-nebuleuse-de-la-lagune-m8-au-canon-300d\/"},"modified":"2025-06-14T18:45:52","modified_gmt":"2025-06-14T16:45:52","slug":"la-nebuleuse-de-la-lagune-m8-au-canon-300d","status":"publish","type":"post","link":"https:\/\/groupeastronomiespa.be\/astrogas\/la-nebuleuse-de-la-lagune-m8-au-canon-300d\/","title":{"rendered":"La n\u00e9buleuse de la Lagune M8 au Canon 300D"},"content":{"rendered":"<p>Auteur: Alain Schmitz (schmitz_a@swing.be)<\/p>\n<p>Bonjour \u00e0 tous,<\/p>\n<p>Un petit classique parmi les objets d&rsquo;\u00e9t\u00e9, la n\u00e9buleuse de la Lagune photographi\u00e9e ce vendredi 13 juillet 2007 \u00e0 1800m d&rsquo;altitude dans le val d&rsquo;Aoste en Italie. Cette image r\u00e9sulte de l&rsquo;addition de 4 poses de 20 minutes avec le Canon 300D modifi\u00e9 au foyer de la FSQ106N (corrections noir et PLU incluses, autoguidage \u00e0 l&rsquo;aide d&rsquo;une petite cam\u00e9ra CMOS noir et blanc de 1.3 Mpixels et du logiciel GuideMaster). <\/p>\n<p><a href=\"https:\/\/groupeastronomiespa.be\/astrogas\/wp-content\/uploads\/2025\/06\/1_20070724-20070724-m8pas.jpg\" data-lbwps-width=\"1024\" data-lbwps-height=\"682\" data-lbwps-srcsmall=\"https:\/\/groupeastronomiespa.be\/astrogas\/wp-content\/uploads\/2025\/06\/1_20070724-20070724-m8pas-300x200.jpg\"><img loading=\"lazy\" decoding=\"async\" class=\"size-medium\" src=\"https:\/\/groupeastronomiespa.be\/astrogas\/wp-content\/uploads\/2025\/06\/1_20070724-20070724-m8pas-300x200.jpg\" alt=\"\" width=\"300\" height=\"200\" \/><\/a><\/p>\n<p>Image en grandeur r\u00e9elle:<br \/>\n<a href=\"https:\/\/groupeastronomiespa.be\/astrogas\/wp-content\/uploads\/2007\/07\/20070724-m8p.jpg\" data-lbwps-width=\"3088\" data-lbwps-height=\"2056\" data-lbwps-srcsmall=\"https:\/\/groupeastronomiespa.be\/astrogas\/wp-content\/uploads\/2007\/07\/20070724-m8p-300x200.jpg\"><img loading=\"lazy\" decoding=\"async\" src=\"https:\/\/groupeastronomiespa.be\/astrogas\/wp-content\/uploads\/2007\/07\/20070724-m8p-300x200.jpg\" alt=\"\" width=\"300\" height=\"200\" class=\"alignnone size-medium wp-image-14900\" \/><\/a><\/p>\n<p>A+,<\/p>\n<p>Alain SCHMITZ<\/p>\n\n\n<div class=\"kk-star-ratings kksr-auto kksr-align-left kksr-valign-bottom\"\n    data-payload='{&quot;align&quot;:&quot;left&quot;,&quot;id&quot;:&quot;8459&quot;,&quot;slug&quot;:&quot;default&quot;,&quot;valign&quot;:&quot;bottom&quot;,&quot;ignore&quot;:&quot;&quot;,&quot;reference&quot;:&quot;auto&quot;,&quot;class&quot;:&quot;&quot;,&quot;count&quot;:&quot;0&quot;,&quot;legendonly&quot;:&quot;&quot;,&quot;readonly&quot;:&quot;&quot;,&quot;score&quot;:&quot;0&quot;,&quot;starsonly&quot;:&quot;&quot;,&quot;best&quot;:&quot;10&quot;,&quot;gap&quot;:&quot;5&quot;,&quot;greet&quot;:&quot;Veuillez voter&quot;,&quot;legend&quot;:&quot;0\\\/10 - (0 vote)&quot;,&quot;size&quot;:&quot;18&quot;,&quot;title&quot;:&quot;La n\u00e9buleuse de la Lagune M8 au Canon 300D&quot;,&quot;width&quot;:&quot;0&quot;,&quot;_legend&quot;:&quot;{score}\\\/{best} - ({count} {votes})&quot;,&quot;font_factor&quot;:&quot;1.25&quot;}'>\n            \n<div class=\"kksr-stars\">\n    \n<div class=\"kksr-stars-inactive\">\n            <div class=\"kksr-star\" data-star=\"1\" style=\"padding-right: 5px\">\n            \n\n<div class=\"kksr-icon\" style=\"width: 18px; height: 18px;\"><\/div>\n        <\/div>\n            <div class=\"kksr-star\" data-star=\"2\" style=\"padding-right: 5px\">\n            \n\n<div class=\"kksr-icon\" style=\"width: 18px; height: 18px;\"><\/div>\n        <\/div>\n            <div class=\"kksr-star\" data-star=\"3\" style=\"padding-right: 5px\">\n            \n\n<div class=\"kksr-icon\" style=\"width: 18px; height: 18px;\"><\/div>\n        <\/div>\n            <div class=\"kksr-star\" data-star=\"4\" style=\"padding-right: 5px\">\n            \n\n<div class=\"kksr-icon\" style=\"width: 18px; height: 18px;\"><\/div>\n        <\/div>\n            <div class=\"kksr-star\" data-star=\"5\" style=\"padding-right: 5px\">\n            \n\n<div class=\"kksr-icon\" style=\"width: 18px; height: 18px;\"><\/div>\n        <\/div>\n            <div class=\"kksr-star\" data-star=\"6\" style=\"padding-right: 5px\">\n            \n\n<div class=\"kksr-icon\" style=\"width: 18px; height: 18px;\"><\/div>\n        <\/div>\n            <div class=\"kksr-star\" data-star=\"7\" style=\"padding-right: 5px\">\n            \n\n<div class=\"kksr-icon\" style=\"width: 18px; height: 18px;\"><\/div>\n        <\/div>\n            <div class=\"kksr-star\" data-star=\"8\" style=\"padding-right: 5px\">\n            \n\n<div class=\"kksr-icon\" style=\"width: 18px; height: 18px;\"><\/div>\n        <\/div>\n            <div class=\"kksr-star\" data-star=\"9\" style=\"padding-right: 5px\">\n            \n\n<div class=\"kksr-icon\" style=\"width: 18px; height: 18px;\"><\/div>\n        <\/div>\n            <div class=\"kksr-star\" data-star=\"10\" style=\"padding-right: 5px\">\n            \n\n<div class=\"kksr-icon\" style=\"width: 18px; height: 18px;\"><\/div>\n        <\/div>\n    <\/div>\n    \n<div class=\"kksr-stars-active\" style=\"width: 0px;\">\n            <div class=\"kksr-star\" style=\"padding-right: 5px\">\n            \n\n<div class=\"kksr-icon\" style=\"width: 18px; height: 18px;\"><\/div>\n        <\/div>\n            <div class=\"kksr-star\" style=\"padding-right: 5px\">\n            \n\n<div class=\"kksr-icon\" style=\"width: 18px; height: 18px;\"><\/div>\n        <\/div>\n            <div class=\"kksr-star\" style=\"padding-right: 5px\">\n            \n\n<div class=\"kksr-icon\" style=\"width: 18px; height: 18px;\"><\/div>\n        <\/div>\n            <div class=\"kksr-star\" style=\"padding-right: 5px\">\n            \n\n<div class=\"kksr-icon\" style=\"width: 18px; height: 18px;\"><\/div>\n        <\/div>\n            <div class=\"kksr-star\" style=\"padding-right: 5px\">\n            \n\n<div class=\"kksr-icon\" style=\"width: 18px; height: 18px;\"><\/div>\n        <\/div>\n            <div class=\"kksr-star\" style=\"padding-right: 5px\">\n            \n\n<div class=\"kksr-icon\" style=\"width: 18px; height: 18px;\"><\/div>\n        <\/div>\n            <div class=\"kksr-star\" style=\"padding-right: 5px\">\n            \n\n<div class=\"kksr-icon\" style=\"width: 18px; height: 18px;\"><\/div>\n        <\/div>\n            <div class=\"kksr-star\" style=\"padding-right: 5px\">\n            \n\n<div class=\"kksr-icon\" style=\"width: 18px; height: 18px;\"><\/div>\n        <\/div>\n            <div class=\"kksr-star\" style=\"padding-right: 5px\">\n            \n\n<div class=\"kksr-icon\" style=\"width: 18px; height: 18px;\"><\/div>\n        <\/div>\n            <div class=\"kksr-star\" style=\"padding-right: 5px\">\n            \n\n<div class=\"kksr-icon\" style=\"width: 18px; height: 18px;\"><\/div>\n        <\/div>\n    <\/div>\n<\/div>\n                \n\n<div class=\"kksr-legend\" style=\"font-size: 14.4px;\">\n            <span class=\"kksr-muted\">Veuillez voter<\/span>\n    <\/div>\n    <\/div>\n","protected":false},"excerpt":{"rendered":"<p>Auteur: Alain Schmitz (schmitz_a@swing.be) Bonjour \u00e0 tous, Un petit classique parmi les objets d&rsquo;\u00e9t\u00e9, la n\u00e9buleuse de la Lagune photographi\u00e9e ce vendredi 13 juillet 2007 \u00e0 1800m d&rsquo;altitude dans le val d&rsquo;Aoste en Italie. Cette image r\u00e9sulte de l&rsquo;addition de 4 poses de 20 minutes avec le Canon 300D modifi\u00e9 au foyer de la FSQ106N [&hellip;]<\/p>\n","protected":false},"author":7,"featured_media":0,"comment_status":"open","ping_status":"closed","sticky":false,"template":"","format":"standard","meta":{"_et_pb_use_builder":"","_et_pb_old_content":"","_et_gb_content_width":"","footnotes":""},"categories":[2],"tags":[],"class_list":["post-8459","post","type-post","status-publish","format-standard","hentry","category-astrophotos"],"_links":{"self":[{"href":"https:\/\/groupeastronomiespa.be\/astrogas\/wp-json\/wp\/v2\/posts\/8459","targetHints":{"allow":["GET"]}}],"collection":[{"href":"https:\/\/groupeastronomiespa.be\/astrogas\/wp-json\/wp\/v2\/posts"}],"about":[{"href":"https:\/\/groupeastronomiespa.be\/astrogas\/wp-json\/wp\/v2\/types\/post"}],"author":[{"embeddable":true,"href":"https:\/\/groupeastronomiespa.be\/astrogas\/wp-json\/wp\/v2\/users\/7"}],"replies":[{"embeddable":true,"href":"https:\/\/groupeastronomiespa.be\/astrogas\/wp-json\/wp\/v2\/comments?post=8459"}],"version-history":[{"count":3,"href":"https:\/\/groupeastronomiespa.be\/astrogas\/wp-json\/wp\/v2\/posts\/8459\/revisions"}],"predecessor-version":[{"id":14901,"href":"https:\/\/groupeastronomiespa.be\/astrogas\/wp-json\/wp\/v2\/posts\/8459\/revisions\/14901"}],"wp:attachment":[{"href":"https:\/\/groupeastronomiespa.be\/astrogas\/wp-json\/wp\/v2\/media?parent=8459"}],"wp:term":[{"taxonomy":"category","embeddable":true,"href":"https:\/\/groupeastronomiespa.be\/astrogas\/wp-json\/wp\/v2\/categories?post=8459"},{"taxonomy":"post_tag","embeddable":true,"href":"https:\/\/groupeastronomiespa.be\/astrogas\/wp-json\/wp\/v2\/tags?post=8459"}],"curies":[{"name":"wp","href":"https:\/\/api.w.org\/{rel}","templated":true}]}}