{"id":8825,"date":"2009-01-20T01:01:00","date_gmt":"2009-01-20T01:01:00","guid":{"rendered":"https:\/\/groupeastronomiespa.be\/astrogas\/lannee-mondiale-de-lastronomie-ama-cest-parti\/"},"modified":"2025-06-28T13:18:46","modified_gmt":"2025-06-28T11:18:46","slug":"lannee-mondiale-de-lastronomie-ama-cest-parti","status":"publish","type":"post","link":"https:\/\/groupeastronomiespa.be\/astrogas\/lannee-mondiale-de-lastronomie-ama-cest-parti\/","title":{"rendered":"L&rsquo;Ann\u00e9e Mondiale de l&rsquo;Astronomie (AMA), c\u2019est parti !"},"content":{"rendered":"<p>L\u2019AMA s\u2019est ouverte en grandes pompes les 15 et 16 janvier dernier au si\u00e8ge de l&rsquo;UNESCO \u00e0 Paris sous le th\u00e8me \u00ab L&rsquo;univers, d\u00e9couvrez ses myst\u00e8res \u00bb, et dont le but est d\u2019amener le grand public \u00e0 explorer le cosmos \u00e0 travers des centaines de manifestations dans le monde.<br \/>\nEt contrairement \u00e0 ce qu&rsquo;annonc\u00e8rent certains m\u00e9dias mal inform\u00e9s, 2009 sera bien une ann\u00e9e mondiale de l&rsquo;astronomie et non de l&rsquo;astrologie !<br \/>\nJean-Marc Gillard et Emmanu\u00ebl Jehin ont particip\u00e9 \u00e0 la conf\u00e9rence de presse qui se donnait sous la vo\u00fbte du plan\u00e9tarium de Bruxelles le 16 janvier. Diff\u00e9rents intervenants ont pr\u00e9sent\u00e9 l\u2019AMA en Belgique, les acteurs et les temps forts. Toutes les informations pour les activit\u00e9s en Belgique sont donn\u00e9es ici : <a href=\"http:\/\/www.astronomie2009.be\" target=\"_BLANK\">www.astronomie2009.be<\/a><br \/>\nLa Ministre Sabine Laruelle, qui a d\u00e9gag\u00e9 50.000 EU pour soutenir l\u2019AMA, a pr\u00e9sent\u00e9 en avant premi\u00e8re le Galileoscope, une petite lunette de 5cm de diam\u00e8tre et 500 mm de focale, dont 1000 exemplaires seront distribu\u00e9s parmi les acteurs de l\u2019AMA.<br \/>\nCe fut l\u2019occasion pour le GAS de rencontrer la Ministre et de lui remettre un exemplaire de notre bulletin. Elle a visiblement appr\u00e9ci\u00e9 :<\/p>\n<p>\u00ab Cher Monsieur Gillard,<br \/>\nLa Ministre a lu avec attention votre bulletin du Groupe Astronomie de Spa et a beaucoup appr\u00e9ci\u00e9 la galerie de photos.  Bien \u00e0 vous et merci.<br \/>\nChristelle Houard, Secr\u00e9taire de Madame Sabine LARUELLE \u00bb<\/p>\n\n\n<div class=\"kk-star-ratings kksr-auto kksr-align-left kksr-valign-bottom\"\n    data-payload='{&quot;align&quot;:&quot;left&quot;,&quot;id&quot;:&quot;8825&quot;,&quot;slug&quot;:&quot;default&quot;,&quot;valign&quot;:&quot;bottom&quot;,&quot;ignore&quot;:&quot;&quot;,&quot;reference&quot;:&quot;auto&quot;,&quot;class&quot;:&quot;&quot;,&quot;count&quot;:&quot;0&quot;,&quot;legendonly&quot;:&quot;&quot;,&quot;readonly&quot;:&quot;&quot;,&quot;score&quot;:&quot;0&quot;,&quot;starsonly&quot;:&quot;&quot;,&quot;best&quot;:&quot;10&quot;,&quot;gap&quot;:&quot;5&quot;,&quot;greet&quot;:&quot;Veuillez voter&quot;,&quot;legend&quot;:&quot;0\\\/10 - (0 vote)&quot;,&quot;size&quot;:&quot;18&quot;,&quot;title&quot;:&quot;L\\u0026#039;Ann\u00e9e Mondiale de l\\u0026#039;Astronomie (AMA), c\u2019est parti !&quot;,&quot;width&quot;:&quot;0&quot;,&quot;_legend&quot;:&quot;{score}\\\/{best} - ({count} {votes})&quot;,&quot;font_factor&quot;:&quot;1.25&quot;}'>\n            \n<div class=\"kksr-stars\">\n    \n<div class=\"kksr-stars-inactive\">\n            <div class=\"kksr-star\" data-star=\"1\" style=\"padding-right: 5px\">\n            \n\n<div class=\"kksr-icon\" style=\"width: 18px; height: 18px;\"><\/div>\n        <\/div>\n            <div class=\"kksr-star\" data-star=\"2\" style=\"padding-right: 5px\">\n            \n\n<div class=\"kksr-icon\" style=\"width: 18px; height: 18px;\"><\/div>\n        <\/div>\n            <div class=\"kksr-star\" data-star=\"3\" style=\"padding-right: 5px\">\n            \n\n<div class=\"kksr-icon\" style=\"width: 18px; height: 18px;\"><\/div>\n        <\/div>\n            <div class=\"kksr-star\" data-star=\"4\" style=\"padding-right: 5px\">\n            \n\n<div class=\"kksr-icon\" style=\"width: 18px; height: 18px;\"><\/div>\n        <\/div>\n            <div class=\"kksr-star\" data-star=\"5\" style=\"padding-right: 5px\">\n            \n\n<div class=\"kksr-icon\" style=\"width: 18px; height: 18px;\"><\/div>\n        <\/div>\n            <div class=\"kksr-star\" data-star=\"6\" style=\"padding-right: 5px\">\n            \n\n<div class=\"kksr-icon\" style=\"width: 18px; height: 18px;\"><\/div>\n        <\/div>\n            <div class=\"kksr-star\" data-star=\"7\" style=\"padding-right: 5px\">\n            \n\n<div class=\"kksr-icon\" style=\"width: 18px; height: 18px;\"><\/div>\n        <\/div>\n            <div class=\"kksr-star\" data-star=\"8\" style=\"padding-right: 5px\">\n            \n\n<div class=\"kksr-icon\" style=\"width: 18px; height: 18px;\"><\/div>\n        <\/div>\n            <div class=\"kksr-star\" data-star=\"9\" style=\"padding-right: 5px\">\n            \n\n<div class=\"kksr-icon\" style=\"width: 18px; height: 18px;\"><\/div>\n        <\/div>\n            <div class=\"kksr-star\" data-star=\"10\" style=\"padding-right: 5px\">\n            \n\n<div class=\"kksr-icon\" style=\"width: 18px; height: 18px;\"><\/div>\n        <\/div>\n    <\/div>\n    \n<div class=\"kksr-stars-active\" style=\"width: 0px;\">\n            <div class=\"kksr-star\" style=\"padding-right: 5px\">\n            \n\n<div class=\"kksr-icon\" style=\"width: 18px; height: 18px;\"><\/div>\n        <\/div>\n            <div class=\"kksr-star\" style=\"padding-right: 5px\">\n            \n\n<div class=\"kksr-icon\" style=\"width: 18px; height: 18px;\"><\/div>\n        <\/div>\n            <div class=\"kksr-star\" style=\"padding-right: 5px\">\n            \n\n<div class=\"kksr-icon\" style=\"width: 18px; height: 18px;\"><\/div>\n        <\/div>\n            <div class=\"kksr-star\" style=\"padding-right: 5px\">\n            \n\n<div class=\"kksr-icon\" style=\"width: 18px; height: 18px;\"><\/div>\n        <\/div>\n            <div class=\"kksr-star\" style=\"padding-right: 5px\">\n            \n\n<div class=\"kksr-icon\" style=\"width: 18px; height: 18px;\"><\/div>\n        <\/div>\n            <div class=\"kksr-star\" style=\"padding-right: 5px\">\n            \n\n<div class=\"kksr-icon\" style=\"width: 18px; height: 18px;\"><\/div>\n        <\/div>\n            <div class=\"kksr-star\" style=\"padding-right: 5px\">\n            \n\n<div class=\"kksr-icon\" style=\"width: 18px; height: 18px;\"><\/div>\n        <\/div>\n            <div class=\"kksr-star\" style=\"padding-right: 5px\">\n            \n\n<div class=\"kksr-icon\" style=\"width: 18px; height: 18px;\"><\/div>\n        <\/div>\n            <div class=\"kksr-star\" style=\"padding-right: 5px\">\n            \n\n<div class=\"kksr-icon\" style=\"width: 18px; height: 18px;\"><\/div>\n        <\/div>\n            <div class=\"kksr-star\" style=\"padding-right: 5px\">\n            \n\n<div class=\"kksr-icon\" style=\"width: 18px; height: 18px;\"><\/div>\n        <\/div>\n    <\/div>\n<\/div>\n                \n\n<div class=\"kksr-legend\" style=\"font-size: 14.4px;\">\n            <span class=\"kksr-muted\">Veuillez voter<\/span>\n    <\/div>\n    <\/div>\n","protected":false},"excerpt":{"rendered":"<p>L\u2019AMA s\u2019est ouverte en grandes pompes les 15 et 16 janvier dernier au si\u00e8ge de l&rsquo;UNESCO \u00e0 Paris sous le th\u00e8me \u00ab L&rsquo;univers, d\u00e9couvrez ses myst\u00e8res \u00bb, et dont le but est d\u2019amener le grand public \u00e0 explorer le cosmos \u00e0 travers des centaines de manifestations dans le monde. Et contrairement \u00e0 ce qu&rsquo;annonc\u00e8rent certains [&hellip;]<\/p>\n","protected":false},"author":12,"featured_media":0,"comment_status":"open","ping_status":"closed","sticky":false,"template":"","format":"standard","meta":{"_et_pb_use_builder":"","_et_pb_old_content":"","_et_gb_content_width":"","footnotes":""},"categories":[5],"tags":[],"class_list":["post-8825","post","type-post","status-publish","format-standard","hentry","category-vieduclub"],"_links":{"self":[{"href":"https:\/\/groupeastronomiespa.be\/astrogas\/wp-json\/wp\/v2\/posts\/8825","targetHints":{"allow":["GET"]}}],"collection":[{"href":"https:\/\/groupeastronomiespa.be\/astrogas\/wp-json\/wp\/v2\/posts"}],"about":[{"href":"https:\/\/groupeastronomiespa.be\/astrogas\/wp-json\/wp\/v2\/types\/post"}],"author":[{"embeddable":true,"href":"https:\/\/groupeastronomiespa.be\/astrogas\/wp-json\/wp\/v2\/users\/12"}],"replies":[{"embeddable":true,"href":"https:\/\/groupeastronomiespa.be\/astrogas\/wp-json\/wp\/v2\/comments?post=8825"}],"version-history":[{"count":2,"href":"https:\/\/groupeastronomiespa.be\/astrogas\/wp-json\/wp\/v2\/posts\/8825\/revisions"}],"predecessor-version":[{"id":15862,"href":"https:\/\/groupeastronomiespa.be\/astrogas\/wp-json\/wp\/v2\/posts\/8825\/revisions\/15862"}],"wp:attachment":[{"href":"https:\/\/groupeastronomiespa.be\/astrogas\/wp-json\/wp\/v2\/media?parent=8825"}],"wp:term":[{"taxonomy":"category","embeddable":true,"href":"https:\/\/groupeastronomiespa.be\/astrogas\/wp-json\/wp\/v2\/categories?post=8825"},{"taxonomy":"post_tag","embeddable":true,"href":"https:\/\/groupeastronomiespa.be\/astrogas\/wp-json\/wp\/v2\/tags?post=8825"}],"curies":[{"name":"wp","href":"https:\/\/api.w.org\/{rel}","templated":true}]}}