{"id":8955,"date":"2009-09-28T19:49:46","date_gmt":"2009-09-28T19:49:46","guid":{"rendered":"https:\/\/groupeastronomiespa.be\/astrogas\/pk973-1-dans-cephee-21h325553\/"},"modified":"2025-07-08T20:18:55","modified_gmt":"2025-07-08T18:18:55","slug":"pk973-1-dans-cephee-21h325553","status":"publish","type":"post","link":"https:\/\/groupeastronomiespa.be\/astrogas\/pk973-1-dans-cephee-21h325553\/","title":{"rendered":"PK97+3.1 dans C\u00e9ph\u00e9e (21H32&prime;,55\u00b053&prime;)"},"content":{"rendered":"<p>Auteur: Andre Fryns (frynsandre@gmail.com)<\/p>\n<p><a href=\"https:\/\/groupeastronomiespa.be\/astrogas\/wp-content\/uploads\/2025\/06\/16_20090928-abell77.jpg\" data-lbwps-width=\"1024\" data-lbwps-height=\"780\" data-lbwps-srcsmall=\"https:\/\/groupeastronomiespa.be\/astrogas\/wp-content\/uploads\/2025\/06\/16_20090928-abell77-300x229.jpg\"><img loading=\"lazy\" decoding=\"async\" class=\"size-medium\" src=\"https:\/\/groupeastronomiespa.be\/astrogas\/wp-content\/uploads\/2025\/06\/16_20090928-abell77-300x229.jpg\" alt=\"\" width=\"300\" height=\"229\" \/><\/a><br \/>\n<a href=\"https:\/\/groupeastronomiespa.be\/astrogas\/wp-content\/uploads\/2025\/06\/16_20091022-Abell77.Zoom_.jpg\" data-lbwps-width=\"1024\" data-lbwps-height=\"780\" data-lbwps-srcsmall=\"https:\/\/groupeastronomiespa.be\/astrogas\/wp-content\/uploads\/2025\/06\/16_20091022-Abell77.Zoom_-300x229.jpg\"><img loading=\"lazy\" decoding=\"async\" class=\"size-medium\" src=\"https:\/\/groupeastronomiespa.be\/astrogas\/wp-content\/uploads\/2025\/06\/16_20091022-Abell77.Zoom_-300x229.jpg\" alt=\"\" width=\"300\" height=\"229\" \/><\/a><br \/>\n<a href=\"https:\/\/groupeastronomiespa.be\/astrogas\/wp-content\/uploads\/2025\/06\/16_20091022-Abell77.Zoom2_.jpg\" data-lbwps-width=\"1024\" data-lbwps-height=\"780\" data-lbwps-srcsmall=\"https:\/\/groupeastronomiespa.be\/astrogas\/wp-content\/uploads\/2025\/06\/16_20091022-Abell77.Zoom2_-300x229.jpg\"><img loading=\"lazy\" decoding=\"async\" class=\"size-medium\" src=\"https:\/\/groupeastronomiespa.be\/astrogas\/wp-content\/uploads\/2025\/06\/16_20091022-Abell77.Zoom2_-300x229.jpg\" alt=\"\" width=\"300\" height=\"229\" \/><\/a><\/p>\n<p>PK97+3.1 (Abell77) est une n\u00e9buleuse de 15.2 Mv (\u00e9toile centrale de 16.3 mv.) et de couleur rouge\u00e2tre. Cet objet est, soit une n\u00e9buleuse plan\u00e9taire, soit une n\u00e9buleuse \u00e0 \u00e9mission riche en H2. Diam\u00e8tre de +\/- 30 arcs.<br \/>\nLe 7\/09\/2008 Sterpigny Auteur:A.Fryns Poses:60&rsquo;L30&rsquo;RGB-Bin.2X2-STKL11K-C14<\/p>\n\n\n<div class=\"kk-star-ratings kksr-auto kksr-align-left kksr-valign-bottom\"\n    data-payload='{&quot;align&quot;:&quot;left&quot;,&quot;id&quot;:&quot;8955&quot;,&quot;slug&quot;:&quot;default&quot;,&quot;valign&quot;:&quot;bottom&quot;,&quot;ignore&quot;:&quot;&quot;,&quot;reference&quot;:&quot;auto&quot;,&quot;class&quot;:&quot;&quot;,&quot;count&quot;:&quot;0&quot;,&quot;legendonly&quot;:&quot;&quot;,&quot;readonly&quot;:&quot;&quot;,&quot;score&quot;:&quot;0&quot;,&quot;starsonly&quot;:&quot;&quot;,&quot;best&quot;:&quot;10&quot;,&quot;gap&quot;:&quot;5&quot;,&quot;greet&quot;:&quot;Veuillez voter&quot;,&quot;legend&quot;:&quot;0\\\/10 - (0 vote)&quot;,&quot;size&quot;:&quot;18&quot;,&quot;title&quot;:&quot;PK97+3.1 dans C\u00e9ph\u00e9e (21H32\\u0026#039;,55\u00b053\\u0026#039;)&quot;,&quot;width&quot;:&quot;0&quot;,&quot;_legend&quot;:&quot;{score}\\\/{best} - ({count} {votes})&quot;,&quot;font_factor&quot;:&quot;1.25&quot;}'>\n            \n<div class=\"kksr-stars\">\n    \n<div class=\"kksr-stars-inactive\">\n            <div class=\"kksr-star\" data-star=\"1\" style=\"padding-right: 5px\">\n            \n\n<div class=\"kksr-icon\" style=\"width: 18px; height: 18px;\"><\/div>\n        <\/div>\n            <div class=\"kksr-star\" data-star=\"2\" style=\"padding-right: 5px\">\n            \n\n<div class=\"kksr-icon\" style=\"width: 18px; height: 18px;\"><\/div>\n        <\/div>\n            <div class=\"kksr-star\" data-star=\"3\" style=\"padding-right: 5px\">\n            \n\n<div class=\"kksr-icon\" style=\"width: 18px; height: 18px;\"><\/div>\n        <\/div>\n            <div class=\"kksr-star\" data-star=\"4\" style=\"padding-right: 5px\">\n            \n\n<div class=\"kksr-icon\" style=\"width: 18px; height: 18px;\"><\/div>\n        <\/div>\n            <div class=\"kksr-star\" data-star=\"5\" style=\"padding-right: 5px\">\n            \n\n<div class=\"kksr-icon\" style=\"width: 18px; height: 18px;\"><\/div>\n        <\/div>\n            <div class=\"kksr-star\" data-star=\"6\" style=\"padding-right: 5px\">\n            \n\n<div class=\"kksr-icon\" style=\"width: 18px; height: 18px;\"><\/div>\n        <\/div>\n            <div class=\"kksr-star\" data-star=\"7\" style=\"padding-right: 5px\">\n            \n\n<div class=\"kksr-icon\" style=\"width: 18px; height: 18px;\"><\/div>\n        <\/div>\n            <div class=\"kksr-star\" data-star=\"8\" style=\"padding-right: 5px\">\n            \n\n<div class=\"kksr-icon\" style=\"width: 18px; height: 18px;\"><\/div>\n        <\/div>\n            <div class=\"kksr-star\" data-star=\"9\" style=\"padding-right: 5px\">\n            \n\n<div class=\"kksr-icon\" style=\"width: 18px; height: 18px;\"><\/div>\n        <\/div>\n            <div class=\"kksr-star\" data-star=\"10\" style=\"padding-right: 5px\">\n            \n\n<div class=\"kksr-icon\" style=\"width: 18px; height: 18px;\"><\/div>\n        <\/div>\n    <\/div>\n    \n<div class=\"kksr-stars-active\" style=\"width: 0px;\">\n            <div class=\"kksr-star\" style=\"padding-right: 5px\">\n            \n\n<div class=\"kksr-icon\" style=\"width: 18px; height: 18px;\"><\/div>\n        <\/div>\n            <div class=\"kksr-star\" style=\"padding-right: 5px\">\n            \n\n<div class=\"kksr-icon\" style=\"width: 18px; height: 18px;\"><\/div>\n        <\/div>\n            <div class=\"kksr-star\" style=\"padding-right: 5px\">\n            \n\n<div class=\"kksr-icon\" style=\"width: 18px; height: 18px;\"><\/div>\n        <\/div>\n            <div class=\"kksr-star\" style=\"padding-right: 5px\">\n            \n\n<div class=\"kksr-icon\" style=\"width: 18px; height: 18px;\"><\/div>\n        <\/div>\n            <div class=\"kksr-star\" style=\"padding-right: 5px\">\n            \n\n<div class=\"kksr-icon\" style=\"width: 18px; height: 18px;\"><\/div>\n        <\/div>\n            <div class=\"kksr-star\" style=\"padding-right: 5px\">\n            \n\n<div class=\"kksr-icon\" style=\"width: 18px; height: 18px;\"><\/div>\n        <\/div>\n            <div class=\"kksr-star\" style=\"padding-right: 5px\">\n            \n\n<div class=\"kksr-icon\" style=\"width: 18px; height: 18px;\"><\/div>\n        <\/div>\n            <div class=\"kksr-star\" style=\"padding-right: 5px\">\n            \n\n<div class=\"kksr-icon\" style=\"width: 18px; height: 18px;\"><\/div>\n        <\/div>\n            <div class=\"kksr-star\" style=\"padding-right: 5px\">\n            \n\n<div class=\"kksr-icon\" style=\"width: 18px; height: 18px;\"><\/div>\n        <\/div>\n            <div class=\"kksr-star\" style=\"padding-right: 5px\">\n            \n\n<div class=\"kksr-icon\" style=\"width: 18px; height: 18px;\"><\/div>\n        <\/div>\n    <\/div>\n<\/div>\n                \n\n<div class=\"kksr-legend\" style=\"font-size: 14.4px;\">\n            <span class=\"kksr-muted\">Veuillez voter<\/span>\n    <\/div>\n    <\/div>\n","protected":false},"excerpt":{"rendered":"<p>Auteur: Andre Fryns (frynsandre@gmail.com) PK97+3.1 (Abell77) est une n\u00e9buleuse de 15.2 Mv (\u00e9toile centrale de 16.3 mv.) et de couleur rouge\u00e2tre. Cet objet est, soit une n\u00e9buleuse plan\u00e9taire, soit une n\u00e9buleuse \u00e0 \u00e9mission riche en H2. Diam\u00e8tre de +\/- 30 arcs. Le 7\/09\/2008 Sterpigny Auteur:A.Fryns Poses:60&rsquo;L30&rsquo;RGB-Bin.2X2-STKL11K-C14<\/p>\n","protected":false},"author":7,"featured_media":0,"comment_status":"open","ping_status":"closed","sticky":false,"template":"","format":"standard","meta":{"_et_pb_use_builder":"","_et_pb_old_content":"","_et_gb_content_width":"","footnotes":""},"categories":[2],"tags":[],"class_list":["post-8955","post","type-post","status-publish","format-standard","hentry","category-astrophotos"],"_links":{"self":[{"href":"https:\/\/groupeastronomiespa.be\/astrogas\/wp-json\/wp\/v2\/posts\/8955","targetHints":{"allow":["GET"]}}],"collection":[{"href":"https:\/\/groupeastronomiespa.be\/astrogas\/wp-json\/wp\/v2\/posts"}],"about":[{"href":"https:\/\/groupeastronomiespa.be\/astrogas\/wp-json\/wp\/v2\/types\/post"}],"author":[{"embeddable":true,"href":"https:\/\/groupeastronomiespa.be\/astrogas\/wp-json\/wp\/v2\/users\/7"}],"replies":[{"embeddable":true,"href":"https:\/\/groupeastronomiespa.be\/astrogas\/wp-json\/wp\/v2\/comments?post=8955"}],"version-history":[{"count":2,"href":"https:\/\/groupeastronomiespa.be\/astrogas\/wp-json\/wp\/v2\/posts\/8955\/revisions"}],"predecessor-version":[{"id":16010,"href":"https:\/\/groupeastronomiespa.be\/astrogas\/wp-json\/wp\/v2\/posts\/8955\/revisions\/16010"}],"wp:attachment":[{"href":"https:\/\/groupeastronomiespa.be\/astrogas\/wp-json\/wp\/v2\/media?parent=8955"}],"wp:term":[{"taxonomy":"category","embeddable":true,"href":"https:\/\/groupeastronomiespa.be\/astrogas\/wp-json\/wp\/v2\/categories?post=8955"},{"taxonomy":"post_tag","embeddable":true,"href":"https:\/\/groupeastronomiespa.be\/astrogas\/wp-json\/wp\/v2\/tags?post=8955"}],"curies":[{"name":"wp","href":"https:\/\/api.w.org\/{rel}","templated":true}]}}