{"id":9295,"date":"2012-04-07T08:46:43","date_gmt":"2012-04-07T08:46:43","guid":{"rendered":"https:\/\/groupeastronomiespa.be\/astrogas\/assemblee-generale-et-conference-univers-en-3d\/"},"modified":"2025-06-11T19:13:01","modified_gmt":"2025-06-11T17:13:01","slug":"assemblee-generale-et-conference-univers-en-3d","status":"publish","type":"post","link":"https:\/\/groupeastronomiespa.be\/astrogas\/assemblee-generale-et-conference-univers-en-3d\/","title":{"rendered":"Assembl\u00e9e G\u00e9n\u00e9rale et conf\u00e9rence  UNIVERS EN 3D"},"content":{"rendered":"<p>Auteur: Gustave (gvandersan@voo.be)<\/p>\n<p>Ce vendredi,a eu lieu l&rsquo;assembl\u00e9e g\u00e9n\u00e9rale annuelle de notre club<br \/>\n<a href=\"https:\/\/groupeastronomiespa.be\/astrogas\/wp-content\/uploads\/2025\/06\/25_20120407-IMG_4570-copie.jpg\" data-lbwps-width=\"888\" data-lbwps-height=\"592\" data-lbwps-srcsmall=\"https:\/\/groupeastronomiespa.be\/astrogas\/wp-content\/uploads\/2025\/06\/25_20120407-IMG_4570-copie-300x200.jpg\"><img loading=\"lazy\" decoding=\"async\" class=\"size-medium\" src=\"https:\/\/groupeastronomiespa.be\/astrogas\/wp-content\/uploads\/2025\/06\/25_20120407-IMG_4570-copie-300x200.jpg\" alt=\"\" width=\"300\" height=\"200\" \/><\/a><br \/>\nPr\u00e9sentation par notre pr\u00e9sident Emmanuel du nouveau conseil d&rsquo;administration, \u00e0 savoir E. Jehin Pr\u00e9sident, Didier Keus qui devient aussi notre vice pr\u00e9sident, Jean-Baptiste Jehin tr\u00e9sorier et Fr\u00e9d\u00e9ric Oger secr\u00e9taire.<br \/>\n<a href=\"https:\/\/groupeastronomiespa.be\/astrogas\/wp-content\/uploads\/2025\/06\/25_20120407-IMG_4571-copie.jpg\" data-lbwps-width=\"888\" data-lbwps-height=\"592\" data-lbwps-srcsmall=\"https:\/\/groupeastronomiespa.be\/astrogas\/wp-content\/uploads\/2025\/06\/25_20120407-IMG_4571-copie-300x200.jpg\"><img loading=\"lazy\" decoding=\"async\" class=\"size-medium\" src=\"https:\/\/groupeastronomiespa.be\/astrogas\/wp-content\/uploads\/2025\/06\/25_20120407-IMG_4571-copie-300x200.jpg\" alt=\"\" width=\"300\" height=\"200\" \/><\/a><br \/>\nUn public un peu clairsem\u00e9 (vacances de p\u00e2ques obligent) a suivi cette assembl\u00e9e<br \/>\n<a href=\"https:\/\/groupeastronomiespa.be\/astrogas\/wp-content\/uploads\/2025\/06\/25_20120407-IMG_4572-copie.jpg\" data-lbwps-width=\"888\" data-lbwps-height=\"592\" data-lbwps-srcsmall=\"https:\/\/groupeastronomiespa.be\/astrogas\/wp-content\/uploads\/2025\/06\/25_20120407-IMG_4572-copie-300x200.jpg\"><img loading=\"lazy\" decoding=\"async\" class=\"size-medium\" src=\"https:\/\/groupeastronomiespa.be\/astrogas\/wp-content\/uploads\/2025\/06\/25_20120407-IMG_4572-copie-300x200.jpg\" alt=\"\" width=\"300\" height=\"200\" \/><\/a><br \/>\nEnsuite, nous avions invit\u00e9 Roland Boninsegna  pour une conf\u00e9rence sur l&rsquo;Univers en 3D<br \/>\n<a href=\"https:\/\/groupeastronomiespa.be\/astrogas\/wp-content\/uploads\/2025\/06\/25_20120407-IMG_4581-copie.jpg\" data-lbwps-width=\"888\" data-lbwps-height=\"608\" data-lbwps-srcsmall=\"https:\/\/groupeastronomiespa.be\/astrogas\/wp-content\/uploads\/2025\/06\/25_20120407-IMG_4581-copie-300x205.jpg\"><img loading=\"lazy\" decoding=\"async\" class=\"size-medium\" src=\"https:\/\/groupeastronomiespa.be\/astrogas\/wp-content\/uploads\/2025\/06\/25_20120407-IMG_4581-copie-300x205.jpg\" alt=\"\" width=\"300\" height=\"205\" \/><\/a><br \/>\nPour ce faire et suivre correctement cette conf\u00e9rence, chaque participant a re\u00e7u (en pr\u00eat) une paire de lunette sp\u00e9ciale qui donne une vue surprenante en 3D<br \/>\n<a href=\"https:\/\/groupeastronomiespa.be\/astrogas\/wp-content\/uploads\/2025\/06\/25_20120407-IMG_4580-copie.jpg\" data-lbwps-width=\"888\" data-lbwps-height=\"592\" data-lbwps-srcsmall=\"https:\/\/groupeastronomiespa.be\/astrogas\/wp-content\/uploads\/2025\/06\/25_20120407-IMG_4580-copie-300x200.jpg\"><img loading=\"lazy\" decoding=\"async\" class=\"size-medium\" src=\"https:\/\/groupeastronomiespa.be\/astrogas\/wp-content\/uploads\/2025\/06\/25_20120407-IMG_4580-copie-300x200.jpg\" alt=\"\" width=\"300\" height=\"200\" \/><\/a><br \/>\nTr\u00e8s bel expos\u00e9 de notre conf\u00e9rencier qui a subit une foule de questions a la fin c&rsquo;\u00e9tait tr\u00e8s int\u00e9ressant . F\u00e9licitations a lui.<br \/>\n<a href=\"https:\/\/groupeastronomiespa.be\/astrogas\/wp-content\/uploads\/2025\/06\/25_20120407-IMG_4578-copie.jpg\" data-lbwps-width=\"888\" data-lbwps-height=\"592\" data-lbwps-srcsmall=\"https:\/\/groupeastronomiespa.be\/astrogas\/wp-content\/uploads\/2025\/06\/25_20120407-IMG_4578-copie-300x200.jpg\"><img loading=\"lazy\" decoding=\"async\" class=\"size-medium\" src=\"https:\/\/groupeastronomiespa.be\/astrogas\/wp-content\/uploads\/2025\/06\/25_20120407-IMG_4578-copie-300x200.jpg\" alt=\"\" width=\"300\" height=\"200\" \/><\/a><br \/>\nProchaine conf\u00e9rence au mois de mai sur les \u00ab\u00a0Extraterrestres \u00a0\u00bb il va y avoir de l&rsquo;animation !!!!<\/p>\n\n\n<div class=\"kk-star-ratings kksr-auto kksr-align-left kksr-valign-bottom\"\n    data-payload='{&quot;align&quot;:&quot;left&quot;,&quot;id&quot;:&quot;9295&quot;,&quot;slug&quot;:&quot;default&quot;,&quot;valign&quot;:&quot;bottom&quot;,&quot;ignore&quot;:&quot;&quot;,&quot;reference&quot;:&quot;auto&quot;,&quot;class&quot;:&quot;&quot;,&quot;count&quot;:&quot;0&quot;,&quot;legendonly&quot;:&quot;&quot;,&quot;readonly&quot;:&quot;&quot;,&quot;score&quot;:&quot;0&quot;,&quot;starsonly&quot;:&quot;&quot;,&quot;best&quot;:&quot;10&quot;,&quot;gap&quot;:&quot;5&quot;,&quot;greet&quot;:&quot;Veuillez voter&quot;,&quot;legend&quot;:&quot;0\\\/10 - (0 vote)&quot;,&quot;size&quot;:&quot;18&quot;,&quot;title&quot;:&quot;Assembl\u00e9e G\u00e9n\u00e9rale et conf\u00e9rence  UNIVERS EN 3D&quot;,&quot;width&quot;:&quot;0&quot;,&quot;_legend&quot;:&quot;{score}\\\/{best} - ({count} {votes})&quot;,&quot;font_factor&quot;:&quot;1.25&quot;}'>\n            \n<div class=\"kksr-stars\">\n    \n<div class=\"kksr-stars-inactive\">\n            <div class=\"kksr-star\" data-star=\"1\" style=\"padding-right: 5px\">\n            \n\n<div class=\"kksr-icon\" style=\"width: 18px; height: 18px;\"><\/div>\n        <\/div>\n            <div class=\"kksr-star\" data-star=\"2\" style=\"padding-right: 5px\">\n            \n\n<div class=\"kksr-icon\" style=\"width: 18px; height: 18px;\"><\/div>\n        <\/div>\n            <div class=\"kksr-star\" data-star=\"3\" style=\"padding-right: 5px\">\n            \n\n<div class=\"kksr-icon\" style=\"width: 18px; height: 18px;\"><\/div>\n        <\/div>\n            <div class=\"kksr-star\" data-star=\"4\" style=\"padding-right: 5px\">\n            \n\n<div class=\"kksr-icon\" style=\"width: 18px; height: 18px;\"><\/div>\n        <\/div>\n            <div class=\"kksr-star\" data-star=\"5\" style=\"padding-right: 5px\">\n            \n\n<div class=\"kksr-icon\" style=\"width: 18px; height: 18px;\"><\/div>\n        <\/div>\n            <div class=\"kksr-star\" data-star=\"6\" style=\"padding-right: 5px\">\n            \n\n<div class=\"kksr-icon\" style=\"width: 18px; height: 18px;\"><\/div>\n        <\/div>\n            <div class=\"kksr-star\" data-star=\"7\" style=\"padding-right: 5px\">\n            \n\n<div class=\"kksr-icon\" style=\"width: 18px; height: 18px;\"><\/div>\n        <\/div>\n            <div class=\"kksr-star\" data-star=\"8\" style=\"padding-right: 5px\">\n            \n\n<div class=\"kksr-icon\" style=\"width: 18px; height: 18px;\"><\/div>\n        <\/div>\n            <div class=\"kksr-star\" data-star=\"9\" style=\"padding-right: 5px\">\n            \n\n<div class=\"kksr-icon\" style=\"width: 18px; height: 18px;\"><\/div>\n        <\/div>\n            <div class=\"kksr-star\" data-star=\"10\" style=\"padding-right: 5px\">\n            \n\n<div class=\"kksr-icon\" style=\"width: 18px; height: 18px;\"><\/div>\n        <\/div>\n    <\/div>\n    \n<div class=\"kksr-stars-active\" style=\"width: 0px;\">\n            <div class=\"kksr-star\" style=\"padding-right: 5px\">\n            \n\n<div class=\"kksr-icon\" style=\"width: 18px; height: 18px;\"><\/div>\n        <\/div>\n            <div class=\"kksr-star\" style=\"padding-right: 5px\">\n            \n\n<div class=\"kksr-icon\" style=\"width: 18px; height: 18px;\"><\/div>\n        <\/div>\n            <div class=\"kksr-star\" style=\"padding-right: 5px\">\n            \n\n<div class=\"kksr-icon\" style=\"width: 18px; height: 18px;\"><\/div>\n        <\/div>\n            <div class=\"kksr-star\" style=\"padding-right: 5px\">\n            \n\n<div class=\"kksr-icon\" style=\"width: 18px; height: 18px;\"><\/div>\n        <\/div>\n            <div class=\"kksr-star\" style=\"padding-right: 5px\">\n            \n\n<div class=\"kksr-icon\" style=\"width: 18px; height: 18px;\"><\/div>\n        <\/div>\n            <div class=\"kksr-star\" style=\"padding-right: 5px\">\n            \n\n<div class=\"kksr-icon\" style=\"width: 18px; height: 18px;\"><\/div>\n        <\/div>\n            <div class=\"kksr-star\" style=\"padding-right: 5px\">\n            \n\n<div class=\"kksr-icon\" style=\"width: 18px; height: 18px;\"><\/div>\n        <\/div>\n            <div class=\"kksr-star\" style=\"padding-right: 5px\">\n            \n\n<div class=\"kksr-icon\" style=\"width: 18px; height: 18px;\"><\/div>\n        <\/div>\n            <div class=\"kksr-star\" style=\"padding-right: 5px\">\n            \n\n<div class=\"kksr-icon\" style=\"width: 18px; height: 18px;\"><\/div>\n        <\/div>\n            <div class=\"kksr-star\" style=\"padding-right: 5px\">\n            \n\n<div class=\"kksr-icon\" style=\"width: 18px; height: 18px;\"><\/div>\n        <\/div>\n    <\/div>\n<\/div>\n                \n\n<div class=\"kksr-legend\" style=\"font-size: 14.4px;\">\n            <span class=\"kksr-muted\">Veuillez voter<\/span>\n    <\/div>\n    <\/div>\n","protected":false},"excerpt":{"rendered":"<p>Auteur: Gustave (gvandersan@voo.be) Ce vendredi,a eu lieu l&rsquo;assembl\u00e9e g\u00e9n\u00e9rale annuelle de notre club Pr\u00e9sentation par notre pr\u00e9sident Emmanuel du nouveau conseil d&rsquo;administration, \u00e0 savoir E. Jehin Pr\u00e9sident, Didier Keus qui devient aussi notre vice pr\u00e9sident, Jean-Baptiste Jehin tr\u00e9sorier et Fr\u00e9d\u00e9ric Oger secr\u00e9taire. Un public un peu clairsem\u00e9 (vacances de p\u00e2ques obligent) a suivi cette assembl\u00e9e [&hellip;]<\/p>\n","protected":false},"author":7,"featured_media":0,"comment_status":"open","ping_status":"closed","sticky":false,"template":"","format":"standard","meta":{"_et_pb_use_builder":"","_et_pb_old_content":"","_et_gb_content_width":"","footnotes":""},"categories":[5],"tags":[],"class_list":["post-9295","post","type-post","status-publish","format-standard","hentry","category-vieduclub"],"_links":{"self":[{"href":"https:\/\/groupeastronomiespa.be\/astrogas\/wp-json\/wp\/v2\/posts\/9295","targetHints":{"allow":["GET"]}}],"collection":[{"href":"https:\/\/groupeastronomiespa.be\/astrogas\/wp-json\/wp\/v2\/posts"}],"about":[{"href":"https:\/\/groupeastronomiespa.be\/astrogas\/wp-json\/wp\/v2\/types\/post"}],"author":[{"embeddable":true,"href":"https:\/\/groupeastronomiespa.be\/astrogas\/wp-json\/wp\/v2\/users\/7"}],"replies":[{"embeddable":true,"href":"https:\/\/groupeastronomiespa.be\/astrogas\/wp-json\/wp\/v2\/comments?post=9295"}],"version-history":[{"count":2,"href":"https:\/\/groupeastronomiespa.be\/astrogas\/wp-json\/wp\/v2\/posts\/9295\/revisions"}],"predecessor-version":[{"id":14469,"href":"https:\/\/groupeastronomiespa.be\/astrogas\/wp-json\/wp\/v2\/posts\/9295\/revisions\/14469"}],"wp:attachment":[{"href":"https:\/\/groupeastronomiespa.be\/astrogas\/wp-json\/wp\/v2\/media?parent=9295"}],"wp:term":[{"taxonomy":"category","embeddable":true,"href":"https:\/\/groupeastronomiespa.be\/astrogas\/wp-json\/wp\/v2\/categories?post=9295"},{"taxonomy":"post_tag","embeddable":true,"href":"https:\/\/groupeastronomiespa.be\/astrogas\/wp-json\/wp\/v2\/tags?post=9295"}],"curies":[{"name":"wp","href":"https:\/\/api.w.org\/{rel}","templated":true}]}}