{"id":9352,"date":"2012-08-12T17:49:18","date_gmt":"2012-08-12T17:49:18","guid":{"rendered":"https:\/\/groupeastronomiespa.be\/astrogas\/nef-2012-autour-de-sadr\/"},"modified":"2025-06-08T22:47:01","modified_gmt":"2025-06-08T20:47:01","slug":"nef-2012-autour-de-sadr","status":"publish","type":"post","link":"https:\/\/groupeastronomiespa.be\/astrogas\/nef-2012-autour-de-sadr\/","title":{"rendered":"NEF 2012 &#8211; Autour de Sadr"},"content":{"rendered":"<p>Voici un traitement rapide (Stack, courbes, r\u00e9duction de taille des \u00e9toiles) des captures prises lors de la premi\u00e8re nuit de la NEF2012.<br \/>\nIci, sont totalis\u00e9es 2 heures de captures en poses individuelles de 6 minutes sur un canon 40Da avec une optique de F200mm f2.8 ferm\u00e9e \u00e0 f4.0.<br \/>\nLe tout sur monture iEQ45 guid\u00e9e.<\/p>\n<p>Le champ est de 4&#215;5\u00b0<br \/>\n<a href=\"https:\/\/groupeastronomiespa.be\/astrogas\/wp-content\/uploads\/2025\/06\/13_20120812-20120730_02_S02_T01.r1000.jpg\" data-lbwps-width=\"1000\" data-lbwps-height=\"839\" data-lbwps-srcsmall=\"https:\/\/groupeastronomiespa.be\/astrogas\/wp-content\/uploads\/2025\/06\/13_20120812-20120730_02_S02_T01.r1000-300x252.jpg\"><img loading=\"lazy\" decoding=\"async\" class=\"size-medium\" src=\"https:\/\/groupeastronomiespa.be\/astrogas\/wp-content\/uploads\/2025\/06\/13_20120812-20120730_02_S02_T01.r1000-300x252.jpg\" alt=\"\" width=\"300\" height=\"252\" \/><\/a><\/p>\n<p>Mise \u00e0 jour 20121024<br \/>\n4 heures de Ha au moyen d&rsquo;un Ha-clip filter, prises en pleine lune:<br \/>\n<a href=\"https:\/\/groupeastronomiespa.be\/astrogas\/wp-content\/uploads\/2025\/06\/13_20121024-20120730_02_S01_T01_.r1000.jpg\" data-lbwps-width=\"1000\" data-lbwps-height=\"799\" data-lbwps-srcsmall=\"https:\/\/groupeastronomiespa.be\/astrogas\/wp-content\/uploads\/2025\/06\/13_20121024-20120730_02_S01_T01_.r1000-300x240.jpg\"><img loading=\"lazy\" decoding=\"async\" class=\"size-medium\" src=\"https:\/\/groupeastronomiespa.be\/astrogas\/wp-content\/uploads\/2025\/06\/13_20121024-20120730_02_S01_T01_.r1000-300x240.jpg\" alt=\"\" width=\"300\" height=\"240\" \/><\/a><\/p>\n<p>Version LRGB: Combinaison de la couche Ha pour la luminance et des couleurs venant des 2 heures de poses de la NEF:<br \/>\n<a href=\"https:\/\/groupeastronomiespa.be\/astrogas\/wp-content\/uploads\/2025\/06\/13_20121024-20120730_02_S0x_T12_.r1000_enh.jpg\" data-lbwps-width=\"1000\" data-lbwps-height=\"727\" data-lbwps-srcsmall=\"https:\/\/groupeastronomiespa.be\/astrogas\/wp-content\/uploads\/2025\/06\/13_20121024-20120730_02_S0x_T12_.r1000_enh-300x218.jpg\"><img loading=\"lazy\" decoding=\"async\" class=\"size-medium\" src=\"https:\/\/groupeastronomiespa.be\/astrogas\/wp-content\/uploads\/2025\/06\/13_20121024-20120730_02_S0x_T12_.r1000_enh-300x218.jpg\" alt=\"\" width=\"300\" height=\"218\" \/><\/a><\/p>\n<p>Alexandre<\/p>\n\n\n<div class=\"kk-star-ratings kksr-auto kksr-align-left kksr-valign-bottom\"\n    data-payload='{&quot;align&quot;:&quot;left&quot;,&quot;id&quot;:&quot;9352&quot;,&quot;slug&quot;:&quot;default&quot;,&quot;valign&quot;:&quot;bottom&quot;,&quot;ignore&quot;:&quot;&quot;,&quot;reference&quot;:&quot;auto&quot;,&quot;class&quot;:&quot;&quot;,&quot;count&quot;:&quot;1&quot;,&quot;legendonly&quot;:&quot;&quot;,&quot;readonly&quot;:&quot;&quot;,&quot;score&quot;:&quot;10&quot;,&quot;starsonly&quot;:&quot;&quot;,&quot;best&quot;:&quot;10&quot;,&quot;gap&quot;:&quot;5&quot;,&quot;greet&quot;:&quot;Veuillez voter&quot;,&quot;legend&quot;:&quot;10\\\/10 - (1 vote)&quot;,&quot;size&quot;:&quot;18&quot;,&quot;title&quot;:&quot;NEF 2012 - Autour de Sadr&quot;,&quot;width&quot;:&quot;227.5&quot;,&quot;_legend&quot;:&quot;{score}\\\/{best} - ({count} {votes})&quot;,&quot;font_factor&quot;:&quot;1.25&quot;}'>\n            \n<div class=\"kksr-stars\">\n    \n<div class=\"kksr-stars-inactive\">\n            <div class=\"kksr-star\" data-star=\"1\" style=\"padding-right: 5px\">\n            \n\n<div class=\"kksr-icon\" style=\"width: 18px; height: 18px;\"><\/div>\n        <\/div>\n            <div class=\"kksr-star\" data-star=\"2\" style=\"padding-right: 5px\">\n            \n\n<div class=\"kksr-icon\" style=\"width: 18px; height: 18px;\"><\/div>\n        <\/div>\n            <div class=\"kksr-star\" data-star=\"3\" style=\"padding-right: 5px\">\n            \n\n<div class=\"kksr-icon\" style=\"width: 18px; height: 18px;\"><\/div>\n        <\/div>\n            <div class=\"kksr-star\" data-star=\"4\" style=\"padding-right: 5px\">\n            \n\n<div class=\"kksr-icon\" style=\"width: 18px; height: 18px;\"><\/div>\n        <\/div>\n            <div class=\"kksr-star\" data-star=\"5\" style=\"padding-right: 5px\">\n            \n\n<div class=\"kksr-icon\" style=\"width: 18px; height: 18px;\"><\/div>\n        <\/div>\n            <div class=\"kksr-star\" data-star=\"6\" style=\"padding-right: 5px\">\n            \n\n<div class=\"kksr-icon\" style=\"width: 18px; height: 18px;\"><\/div>\n        <\/div>\n            <div class=\"kksr-star\" data-star=\"7\" style=\"padding-right: 5px\">\n            \n\n<div class=\"kksr-icon\" style=\"width: 18px; height: 18px;\"><\/div>\n        <\/div>\n            <div class=\"kksr-star\" data-star=\"8\" style=\"padding-right: 5px\">\n            \n\n<div class=\"kksr-icon\" style=\"width: 18px; height: 18px;\"><\/div>\n        <\/div>\n            <div class=\"kksr-star\" data-star=\"9\" style=\"padding-right: 5px\">\n            \n\n<div class=\"kksr-icon\" style=\"width: 18px; height: 18px;\"><\/div>\n        <\/div>\n            <div class=\"kksr-star\" data-star=\"10\" style=\"padding-right: 5px\">\n            \n\n<div class=\"kksr-icon\" style=\"width: 18px; height: 18px;\"><\/div>\n        <\/div>\n    <\/div>\n    \n<div class=\"kksr-stars-active\" style=\"width: 227.5px;\">\n            <div class=\"kksr-star\" style=\"padding-right: 5px\">\n            \n\n<div class=\"kksr-icon\" style=\"width: 18px; height: 18px;\"><\/div>\n        <\/div>\n            <div class=\"kksr-star\" style=\"padding-right: 5px\">\n            \n\n<div class=\"kksr-icon\" style=\"width: 18px; height: 18px;\"><\/div>\n        <\/div>\n            <div class=\"kksr-star\" style=\"padding-right: 5px\">\n            \n\n<div class=\"kksr-icon\" style=\"width: 18px; height: 18px;\"><\/div>\n        <\/div>\n            <div class=\"kksr-star\" style=\"padding-right: 5px\">\n            \n\n<div class=\"kksr-icon\" style=\"width: 18px; height: 18px;\"><\/div>\n        <\/div>\n            <div class=\"kksr-star\" style=\"padding-right: 5px\">\n            \n\n<div class=\"kksr-icon\" style=\"width: 18px; height: 18px;\"><\/div>\n        <\/div>\n            <div class=\"kksr-star\" style=\"padding-right: 5px\">\n            \n\n<div class=\"kksr-icon\" style=\"width: 18px; height: 18px;\"><\/div>\n        <\/div>\n            <div class=\"kksr-star\" style=\"padding-right: 5px\">\n            \n\n<div class=\"kksr-icon\" style=\"width: 18px; height: 18px;\"><\/div>\n        <\/div>\n            <div class=\"kksr-star\" style=\"padding-right: 5px\">\n            \n\n<div class=\"kksr-icon\" style=\"width: 18px; height: 18px;\"><\/div>\n        <\/div>\n            <div class=\"kksr-star\" style=\"padding-right: 5px\">\n            \n\n<div class=\"kksr-icon\" style=\"width: 18px; height: 18px;\"><\/div>\n        <\/div>\n            <div class=\"kksr-star\" style=\"padding-right: 5px\">\n            \n\n<div class=\"kksr-icon\" style=\"width: 18px; height: 18px;\"><\/div>\n        <\/div>\n    <\/div>\n<\/div>\n                \n\n<div class=\"kksr-legend\" style=\"font-size: 14.4px;\">\n            10\/10 - (1 vote)    <\/div>\n    <\/div>\n","protected":false},"excerpt":{"rendered":"<p>Voici un traitement rapide (Stack, courbes, r\u00e9duction de taille des \u00e9toiles) des captures prises lors de la premi\u00e8re nuit de la NEF2012. Ici, sont totalis\u00e9es 2 heures de captures en poses individuelles de 6 minutes sur un canon 40Da avec une optique de F200mm f2.8 ferm\u00e9e \u00e0 f4.0. Le tout sur monture iEQ45 guid\u00e9e. Le [&hellip;]<\/p>\n","protected":false},"author":16,"featured_media":0,"comment_status":"open","ping_status":"closed","sticky":false,"template":"","format":"standard","meta":{"_et_pb_use_builder":"","_et_pb_old_content":"","_et_gb_content_width":"","footnotes":""},"categories":[2],"tags":[],"class_list":["post-9352","post","type-post","status-publish","format-standard","hentry","category-astrophotos"],"_links":{"self":[{"href":"https:\/\/groupeastronomiespa.be\/astrogas\/wp-json\/wp\/v2\/posts\/9352","targetHints":{"allow":["GET"]}}],"collection":[{"href":"https:\/\/groupeastronomiespa.be\/astrogas\/wp-json\/wp\/v2\/posts"}],"about":[{"href":"https:\/\/groupeastronomiespa.be\/astrogas\/wp-json\/wp\/v2\/types\/post"}],"author":[{"embeddable":true,"href":"https:\/\/groupeastronomiespa.be\/astrogas\/wp-json\/wp\/v2\/users\/16"}],"replies":[{"embeddable":true,"href":"https:\/\/groupeastronomiespa.be\/astrogas\/wp-json\/wp\/v2\/comments?post=9352"}],"version-history":[{"count":1,"href":"https:\/\/groupeastronomiespa.be\/astrogas\/wp-json\/wp\/v2\/posts\/9352\/revisions"}],"predecessor-version":[{"id":12333,"href":"https:\/\/groupeastronomiespa.be\/astrogas\/wp-json\/wp\/v2\/posts\/9352\/revisions\/12333"}],"wp:attachment":[{"href":"https:\/\/groupeastronomiespa.be\/astrogas\/wp-json\/wp\/v2\/media?parent=9352"}],"wp:term":[{"taxonomy":"category","embeddable":true,"href":"https:\/\/groupeastronomiespa.be\/astrogas\/wp-json\/wp\/v2\/categories?post=9352"},{"taxonomy":"post_tag","embeddable":true,"href":"https:\/\/groupeastronomiespa.be\/astrogas\/wp-json\/wp\/v2\/tags?post=9352"}],"curies":[{"name":"wp","href":"https:\/\/api.w.org\/{rel}","templated":true}]}}